{"id":15486,"date":"2016-01-06T12:54:49","date_gmt":"2016-01-06T12:54:49","guid":{"rendered":"http:\/\/plazajuarez.mx\/index\/index.php\/2016\/01\/06\/hillary-promete-investigar-los-ovnis\/"},"modified":"2016-01-06T12:54:49","modified_gmt":"2016-01-06T12:54:49","slug":"hillary-promete-investigar-los-ovnis","status":"publish","type":"post","link":"https:\/\/plazajuarez.mx\/historico\/hillary-promete-investigar-los-ovnis\/","title":{"rendered":"Hillary promete investigar los ovnis"},"content":{"rendered":"<p><strong>Si llega a la Casa Blanca en 2017<\/strong><\/p>\n<ul>\n<li><strong><strong>\u201cLos extraterrestres podr\u00edan haber visitado la tierra\u201d<\/strong><\/strong> <!--more--> <\/li>\n<\/ul>\n<p>Clinton dijo que le gustar\u00eda ver el \u00c1rea 51, una base militar secreta en Nevada objeto de rumores, aunque su marido ya le indic\u00f3 a Kimmel que hab\u00eda visitado la base y que all\u00ed no hab\u00eda nada de eso. Si hubiera sido cierto, lo habr\u00eda hecho p\u00fablico, a\u00f1adi\u00f3.<\/p>\n<p>La aspirante presidencial dem\u00f3crata Hillary Clinton prometi\u00f3 investigar si el fen\u00f3meno ovni es real y considera que los extraterrestres pueden haber visitado ya la Tierra. \u00abS\u00ed, voy a llegar al fondo de todo esto\u00bb declar\u00f3 la ex primera dama y ex secretaria de Estado de EU durante una reuni\u00f3n con la junta editorial del peri\u00f3dico \u00abThe Conway Daily Sun\u00bb, de New Hampshire.<\/p>\n<p>Tras responder a preguntas serias sobre la pol\u00edtica exterior y la econom\u00eda, Clinton convers\u00f3 con un reportero que ya le hab\u00eda preguntado sobre los ovnis en 2007. Seg\u00fan el relato de los hechos del propio periodista, Clinton record\u00f3 esa charla con una sonrisa. \u00abS\u00ed, voy a llegar al fondo de esto\u00bb, afirm\u00f3 con entusiasmo.<\/p>\n<p>En 2007, Clinton se\u00f1al\u00f3 que los ovnis eran el inter\u00e9s n\u00famero uno en las peticiones de desclasificaci\u00f3n de asuntos oficiales que recib\u00eda su marido, Bill Cliton, cuando era presidente.<\/p>\n<p>El a\u00f1o pasado, Bill Clinton dijo al presentador de televisi\u00f3n Jimmy Kimmel que no le sorprender\u00eda si la Tierra fuese visitada por extraterrestres ya que muchos planetas ah\u00ed fuera pueden sustentar la vida. \u00abSolo espero que no sea como &#8216;Independence Day&#8217;\u00bb, a\u00f1adi\u00f3 a continuaci\u00f3n, en referencia a una pel\u00edcula sobre agresivos invasores de otro mundo. Cuando se le pregunt\u00f3 sobre el comentario de su marido sobre encuentros en la tercera fase, Hillary Clinton respondi\u00f3: \u00abCreo que puede haber pasado. No lo sabemos a ciencia cierta\u00bb.<\/p>\n","protected":false},"excerpt":{"rendered":"<p>Si llega a la Casa Blanca en 2017 \u201cLos extraterrestres podr\u00edan haber visitado la tierra\u201d<\/p>\n","protected":false},"author":93,"featured_media":0,"comment_status":"open","ping_status":"open","sticky":false,"template":"","format":"standard","meta":{"footnotes":""},"categories":[31],"tags":[],"class_list":["post-15486","post","type-post","status-publish","format-standard","hentry","category-orbe"],"_links":{"self":[{"href":"https:\/\/plazajuarez.mx\/historico\/wp-json\/wp\/v2\/posts\/15486","targetHints":{"allow":["GET"]}}],"collection":[{"href":"https:\/\/plazajuarez.mx\/historico\/wp-json\/wp\/v2\/posts"}],"about":[{"href":"https:\/\/plazajuarez.mx\/historico\/wp-json\/wp\/v2\/types\/post"}],"author":[{"embeddable":true,"href":"https:\/\/plazajuarez.mx\/historico\/wp-json\/wp\/v2\/users\/93"}],"replies":[{"embeddable":true,"href":"https:\/\/plazajuarez.mx\/historico\/wp-json\/wp\/v2\/comments?post=15486"}],"version-history":[{"count":0,"href":"https:\/\/plazajuarez.mx\/historico\/wp-json\/wp\/v2\/posts\/15486\/revisions"}],"wp:attachment":[{"href":"https:\/\/plazajuarez.mx\/historico\/wp-json\/wp\/v2\/media?parent=15486"}],"wp:term":[{"taxonomy":"category","embeddable":true,"href":"https:\/\/plazajuarez.mx\/historico\/wp-json\/wp\/v2\/categories?post=15486"},{"taxonomy":"post_tag","embeddable":true,"href":"https:\/\/plazajuarez.mx\/historico\/wp-json\/wp\/v2\/tags?post=15486"}],"curies":[{"name":"wp","href":"https:\/\/api.w.org\/{rel}","templated":true}]}}