{"id":15485,"date":"2016-01-06T12:54:31","date_gmt":"2016-01-06T12:54:31","guid":{"rendered":"http:\/\/plazajuarez.mx\/index\/index.php\/2016\/01\/06\/kim-jong-un-arenga-a-las-tropas\/"},"modified":"2016-01-06T12:54:31","modified_gmt":"2016-01-06T12:54:31","slug":"kim-jong-un-arenga-a-las-tropas","status":"publish","type":"post","link":"https:\/\/plazajuarez.mx\/historico\/kim-jong-un-arenga-a-las-tropas\/","title":{"rendered":"Kim Jong-un arenga a las tropas"},"content":{"rendered":"<p><strong>Primera inspecci\u00f3n militar de 2016<\/strong><\/p>\n<ul>\n<li><strong><strong>El joven l\u00edder, que presenci\u00f3 una competici\u00f3n de unidades combinadas de artiller\u00eda, exigi\u00f3 a los militares que practiquen al m\u00e1ximo su punter\u00eda<\/strong><\/strong> <!--more--> <\/li>\n<\/ul>\n<p>Corea del Norte y Corea del Sur permanecen t\u00e9cnicamente enfrentadas desde la Guerra de Corea (1950-53), que concluy\u00f3 con un armisticio nunca reemplazado por un tratado de paz definitivo.<\/p>\n<p>El l\u00edder de Corea del Norte, Kim Jong-un, supervis\u00f3 un ejercicio de artiller\u00eda del Ej\u00e9rcito e inst\u00f3 a las tropas a incrementar su preparaci\u00f3n para el combate en su primera inspecci\u00f3n militar sobre el terreno de este a\u00f1o. El joven l\u00edder, que presenci\u00f3 una competici\u00f3n de unidades combinadas de artiller\u00eda, exigi\u00f3 a los militares que practiquen al m\u00e1ximo su punter\u00eda para reforzar el poder ofensivo del Ej\u00e9rcito Popular del pa\u00eds, seg\u00fan ha se\u00f1alado la KCNA<\/p>\n<p>\u00abTodos los participantes dispararon al objetivo con una punter\u00eda perfecta adquirida en sus ejercicios rutinarios\u00bb, asegur\u00f3 la agencia de noticias estatal. Se trata de la primera inspecci\u00f3n militar sobre el terreno en 2016 del l\u00edder norcoreano, que el primer d\u00eda del a\u00f1o asisti\u00f3 a la inauguraci\u00f3n de un nuevo complejo estatal de investigaci\u00f3n cient\u00edfica y tecnol\u00f3gica.<\/p>\n<p>Kim, que afronta en 2016 su quinto a\u00f1o en el poder, prometi\u00f3 en su discurso de A\u00f1o Nuevo \u00abdemostrar a\u00fan m\u00e1s la fuerza\u00bb de Corea del Norte \u00abcomo potencia militar con un nuevo avance en la construcci\u00f3n de las fuerzas armadas revolucionarias y la mejora de su capacidad de defensa\u00bb. Tambi\u00e9n destac\u00f3 el \u00abtangible\u00bb desarrollo del sector militar y la industria de defensa del pa\u00eds, y reafirm\u00f3 su pol\u00edtica \u00abSongun\u00bb heredada de su padre, Kim Jong-il, y consistente en priorizar al Ej\u00e9rcito.<\/p>\n<p>En todo caso, el joven dictador tambi\u00e9n reiter\u00f3 la voluntad de Corea del Norte de dialogar con su vecino del Sur, y apost\u00f3 por el di\u00e1logo entre ambas partes para resolver sus diferencias.<\/p>\n","protected":false},"excerpt":{"rendered":"<p>Primera inspecci\u00f3n militar de 2016 El joven l\u00edder, que presenci\u00f3 una competici\u00f3n de unidades combinadas de artiller\u00eda, exigi\u00f3 a los militares que practiquen al m\u00e1ximo su punter\u00eda<\/p>\n","protected":false},"author":93,"featured_media":0,"comment_status":"open","ping_status":"open","sticky":false,"template":"","format":"standard","meta":{"footnotes":""},"categories":[31],"tags":[],"class_list":["post-15485","post","type-post","status-publish","format-standard","hentry","category-orbe"],"_links":{"self":[{"href":"https:\/\/plazajuarez.mx\/historico\/wp-json\/wp\/v2\/posts\/15485","targetHints":{"allow":["GET"]}}],"collection":[{"href":"https:\/\/plazajuarez.mx\/historico\/wp-json\/wp\/v2\/posts"}],"about":[{"href":"https:\/\/plazajuarez.mx\/historico\/wp-json\/wp\/v2\/types\/post"}],"author":[{"embeddable":true,"href":"https:\/\/plazajuarez.mx\/historico\/wp-json\/wp\/v2\/users\/93"}],"replies":[{"embeddable":true,"href":"https:\/\/plazajuarez.mx\/historico\/wp-json\/wp\/v2\/comments?post=15485"}],"version-history":[{"count":0,"href":"https:\/\/plazajuarez.mx\/historico\/wp-json\/wp\/v2\/posts\/15485\/revisions"}],"wp:attachment":[{"href":"https:\/\/plazajuarez.mx\/historico\/wp-json\/wp\/v2\/media?parent=15485"}],"wp:term":[{"taxonomy":"category","embeddable":true,"href":"https:\/\/plazajuarez.mx\/historico\/wp-json\/wp\/v2\/categories?post=15485"},{"taxonomy":"post_tag","embeddable":true,"href":"https:\/\/plazajuarez.mx\/historico\/wp-json\/wp\/v2\/tags?post=15485"}],"curies":[{"name":"wp","href":"https:\/\/api.w.org\/{rel}","templated":true}]}}