{"id":154837,"date":"2021-03-02T10:00:00","date_gmt":"2021-03-02T16:00:00","guid":{"rendered":"https:\/\/plazajuarez.mx\/?p=154837"},"modified":"2021-03-02T13:29:32","modified_gmt":"2021-03-02T19:29:32","slug":"hace-un-ano-francia-tenia-100-casos-ahora-3755-millones","status":"publish","type":"post","link":"https:\/\/plazajuarez.mx\/historico\/hace-un-ano-francia-tenia-100-casos-ahora-3755-millones\/","title":{"rendered":"Hace un a\u00f1o, Francia ten\u00eda 100 casos; ahora 3,755 millones"},"content":{"rendered":"\n<p class=\"wp-block-paragraph\">EFE.- Hace un a\u00f1o, Francia registraba un total de 100 casos de coronavirus, hoy es el sexto pa\u00eds del mundo con m\u00e1s contagios (3,755 millones) y el s\u00e9ptimo con m\u00e1s fallecimientos (86.454), seg\u00fan las \u00faltimas cifras oficiales.<\/p>\n\n\n\n<p class=\"wp-block-paragraph\">El Gobierno franc\u00e9s prohibi\u00f3 la semana pasada todos los grandes acontecimientos en recintos cerrados con m\u00e1s de 5.000 asistentes y tambi\u00e9n aquellos en abierto que pudieran congregar a mucha gente procedente de zonas de riesgo.<\/p>\n\n\n\n<p class=\"wp-block-paragraph\">Ahora, museos, teatros, cines, gimnasios, bares, discotecas y restaurantes siguen cerrados desde finales de octubre, cuando comenz\u00f3 el segundo confinamiento, que se extendi\u00f3 hasta mediados de diciembre.<\/p>\n\n\n\n<p class=\"wp-block-paragraph\">Desde entonces, los franceses viven bajo un toque de queda, que en enero se hizo m\u00e1s estricto y comienza a las seis de la tarde, para terminar a las seis de la ma\u00f1ana.<\/p>\n\n\n\n<p class=\"wp-block-paragraph\">Con la poblaci\u00f3n cada vez m\u00e1s afectada, el presidente, Emmanuel Macron, reconoci\u00f3 ayer a un joven, durante una visita a un centro de formaci\u00f3n profesional, que el toque de queda continuar\u00e1 al menos &#8220;cuatro a seis semanas m\u00e1s&#8221;. &#8220;Hay que aguantar&#8221;, urgi\u00f3 el presidente.<\/p>\n\n\n\n<p class=\"wp-block-paragraph\"><strong>RUSIA INICIA PRUEBAS DE VACUNA DE INMUNIDAD CELULAR<\/strong>&nbsp;<\/p>\n\n\n\n<p class=\"wp-block-paragraph\">EFE.- La Agencia Federal M\u00e9dico-Biol\u00f3gica de Rusia (FMBA, en ruso) iniciar\u00e1 en julio las pruebas cl\u00ednicas de una nueva vacuna anticovid, capaz de generar inmunidad a nivel celular con una protecci\u00f3n de m\u00e1s de 13 a\u00f1os, declar\u00f3 hoy la directora de este centro, Veronika Skvortsova.<\/p>\n\n\n\n<p class=\"wp-block-paragraph\"><strong>VACUNA DE JOHNSON &amp; JOHNSON SER\u00c1 AUTORIZADA EN LA UE&nbsp;<\/strong><\/p>\n\n\n\n<p class=\"wp-block-paragraph\">El Gobierno alem\u00e1n avanz\u00f3 ayer que cuenta con que la vacuna de Johnson &amp; Johnson contra la Covid-19 sea &#8220;en breve&#8221; autorizada en la Uni\u00f3n Europea (UE).<\/p>\n\n\n\n<p class=\"wp-block-paragraph\">El portavoz consider\u00f3 que se trata de una noticia &#8220;extraordinariamente buena&#8221; que en breve se pueda contar con una cuarta vacuna efectiva contra el coronavirus.<\/p>\n","protected":false},"excerpt":{"rendered":"<p>EFE.- Hace un a\u00f1o, Francia registraba un total de 100 casos de coronavirus, hoy es el sexto pa\u00eds del mundo con m\u00e1s contagios (3,755 millones) y el s\u00e9ptimo con m\u00e1s fallecimientos (86.454), seg\u00fan las \u00faltimas cifras oficiales. El Gobierno franc\u00e9s prohibi\u00f3 la semana pasada todos los grandes acontecimientos en recintos cerrados con m\u00e1s de 5.000 [&hellip;]<\/p>\n","protected":false},"author":80,"featured_media":154851,"comment_status":"closed","ping_status":"open","sticky":false,"template":"","format":"standard","meta":{"footnotes":""},"categories":[31],"tags":[],"class_list":["post-154837","post","type-post","status-publish","format-standard","has-post-thumbnail","hentry","category-orbe"],"_links":{"self":[{"href":"https:\/\/plazajuarez.mx\/historico\/wp-json\/wp\/v2\/posts\/154837","targetHints":{"allow":["GET"]}}],"collection":[{"href":"https:\/\/plazajuarez.mx\/historico\/wp-json\/wp\/v2\/posts"}],"about":[{"href":"https:\/\/plazajuarez.mx\/historico\/wp-json\/wp\/v2\/types\/post"}],"author":[{"embeddable":true,"href":"https:\/\/plazajuarez.mx\/historico\/wp-json\/wp\/v2\/users\/80"}],"replies":[{"embeddable":true,"href":"https:\/\/plazajuarez.mx\/historico\/wp-json\/wp\/v2\/comments?post=154837"}],"version-history":[{"count":0,"href":"https:\/\/plazajuarez.mx\/historico\/wp-json\/wp\/v2\/posts\/154837\/revisions"}],"wp:featuredmedia":[{"embeddable":true,"href":"https:\/\/plazajuarez.mx\/historico\/wp-json\/wp\/v2\/media\/154851"}],"wp:attachment":[{"href":"https:\/\/plazajuarez.mx\/historico\/wp-json\/wp\/v2\/media?parent=154837"}],"wp:term":[{"taxonomy":"category","embeddable":true,"href":"https:\/\/plazajuarez.mx\/historico\/wp-json\/wp\/v2\/categories?post=154837"},{"taxonomy":"post_tag","embeddable":true,"href":"https:\/\/plazajuarez.mx\/historico\/wp-json\/wp\/v2\/tags?post=154837"}],"curies":[{"name":"wp","href":"https:\/\/api.w.org\/{rel}","templated":true}]}}