{"id":154835,"date":"2021-03-02T10:00:00","date_gmt":"2021-03-02T16:00:00","guid":{"rendered":"https:\/\/plazajuarez.mx\/?p=154835"},"modified":"2021-03-02T13:28:45","modified_gmt":"2021-03-02T19:28:45","slug":"cine-de-ayer-56","status":"publish","type":"post","link":"https:\/\/plazajuarez.mx\/historico\/cine-de-ayer-56\/","title":{"rendered":"CINE DE AYER"},"content":{"rendered":"\n<h2 class=\"wp-block-heading\">Tributo a Malcolm X<\/h2>\n\n\n\n<p class=\"wp-block-paragraph\">En el tercer programa de Afrovisiones, que el Festival Ambulante subi\u00f3 gratuitamente a Filmin Latino, se cuentan dos interesantes trabajos de Madeline Anderson.<\/p>\n\n\n\n<p class=\"wp-block-paragraph\">El primero de ellos es un Tributo a Malcolm X realizado cuatro a\u00f1os despu\u00e9s de su asesinato.<\/p>\n\n\n\n<p class=\"wp-block-paragraph\">El filme contiene entrevistas con este l\u00edder negro, en el que manifiesta su postura, y hay una pl\u00e1tica muy interesante con su viuda.<\/p>\n\n\n\n<p class=\"wp-block-paragraph\">Conviene recordar que existe un documental sin cr\u00e9dito sobre el personaje de 1972 y que Spike Lee film\u00f3 una bioepic en 1992 con Denzell Washington en el papel del controvertido l\u00edder que naci\u00f3 el 19 de mayo de 1925 en Omaha.<\/p>\n\n\n\n<p class=\"wp-block-paragraph\">El segundo trabajo, realizado en 1970, se titula Yo soy alguien y sigue los pasos de una huelga de trabajadoras hospitalarias de Carolina del Norte que exig\u00edan reconocimiento sindical, mejores salarios y la reinstalaci\u00f3n de 12 compa\u00f1eras que hab\u00edan sido despedidas por el solo hecho de ser negras.<\/p>\n\n\n\n<p class=\"wp-block-paragraph\">No es de extra\u00f1ar que su movimiento provocar\u00e1 el enojo del gobernador y que se hubiera llamado incluso a la Guardia Nacional para someterlas.<\/p>\n\n\n\n<p class=\"wp-block-paragraph\">Lo que s\u00ed resulta extraordinario es que la lucha de estas mujeres comenzar\u00e1 a ser apoyada por personal del mismo gremio, y que pronto este apoyo se generalizara entre estudiantes y trabajadores, hasta conseguir la victoria.<\/p>\n\n\n\n<p class=\"wp-block-paragraph\">Resulta bastante sintom\u00e1tico que sean los \u00fanicos trabajos como directora de Madeline, quien tuvo que dedicarse posteriormente a la producci\u00f3n.<\/p>\n","protected":false},"excerpt":{"rendered":"<p>Tributo a Malcolm X En el tercer programa de Afrovisiones, que el Festival Ambulante subi\u00f3 gratuitamente a Filmin Latino, se cuentan dos interesantes trabajos de Madeline Anderson. El primero de ellos es un Tributo a Malcolm X realizado cuatro a\u00f1os despu\u00e9s de su asesinato. El filme contiene entrevistas con este l\u00edder negro, en el que [&hellip;]<\/p>\n","protected":false},"author":96,"featured_media":154859,"comment_status":"closed","ping_status":"open","sticky":false,"template":"","format":"standard","meta":{"footnotes":""},"categories":[41,54,42],"tags":[],"class_list":["post-154835","post","type-post","status-publish","format-standard","has-post-thumbnail","hentry","category-arteria-cultural","category-jorge-carrasco","category-nuestrapalabra"],"_links":{"self":[{"href":"https:\/\/plazajuarez.mx\/historico\/wp-json\/wp\/v2\/posts\/154835","targetHints":{"allow":["GET"]}}],"collection":[{"href":"https:\/\/plazajuarez.mx\/historico\/wp-json\/wp\/v2\/posts"}],"about":[{"href":"https:\/\/plazajuarez.mx\/historico\/wp-json\/wp\/v2\/types\/post"}],"author":[{"embeddable":true,"href":"https:\/\/plazajuarez.mx\/historico\/wp-json\/wp\/v2\/users\/96"}],"replies":[{"embeddable":true,"href":"https:\/\/plazajuarez.mx\/historico\/wp-json\/wp\/v2\/comments?post=154835"}],"version-history":[{"count":0,"href":"https:\/\/plazajuarez.mx\/historico\/wp-json\/wp\/v2\/posts\/154835\/revisions"}],"wp:featuredmedia":[{"embeddable":true,"href":"https:\/\/plazajuarez.mx\/historico\/wp-json\/wp\/v2\/media\/154859"}],"wp:attachment":[{"href":"https:\/\/plazajuarez.mx\/historico\/wp-json\/wp\/v2\/media?parent=154835"}],"wp:term":[{"taxonomy":"category","embeddable":true,"href":"https:\/\/plazajuarez.mx\/historico\/wp-json\/wp\/v2\/categories?post=154835"},{"taxonomy":"post_tag","embeddable":true,"href":"https:\/\/plazajuarez.mx\/historico\/wp-json\/wp\/v2\/tags?post=154835"}],"curies":[{"name":"wp","href":"https:\/\/api.w.org\/{rel}","templated":true}]}}