{"id":154834,"date":"2021-03-02T10:00:00","date_gmt":"2021-03-02T16:00:00","guid":{"rendered":"https:\/\/plazajuarez.mx\/?p=154834"},"modified":"2021-03-02T13:24:48","modified_gmt":"2021-03-02T19:24:48","slug":"chivas-espera-tener-aficionados-en-su-estadio-ante-america","status":"publish","type":"post","link":"https:\/\/plazajuarez.mx\/historico\/chivas-espera-tener-aficionados-en-su-estadio-ante-america\/","title":{"rendered":"Chivas espera tener aficionados en su estadio ante Am\u00e9rica"},"content":{"rendered":"\n<p class=\"wp-block-paragraph\">(EL UNIVERSAL).- Hace unos d\u00edas el sem\u00e1foro epidemiol\u00f3gico cambi\u00f3 en algunos estados de la Rep\u00fablica Mexicana y esa situaci\u00f3n podr\u00eda hacer que ciertos estadios del futbol mexicano reabran sus puertas a la afici\u00f3n.<\/p>\n\n\n\n<p class=\"wp-block-paragraph\">Tal es el caso de Jalisco. En aquella entidad el Atlas y el Guadalajara tienen la opci\u00f3n de realizar la petici\u00f3n a las autoridades estatales para empezar un proceso que culmine en el regreso de los aficionados al estadio Jalisco y al Akron. El atlas inform\u00f3 que ya entreg\u00f3 dicha solicitud y buscar\u00e1n que en abril los seguidores de los Rojinegros vuelvan a su estadio.<\/p>\n\n\n\n<p class=\"wp-block-paragraph\">Pero en Chivas no se quedan atr\u00e1s. El equipo Rojiblanco incluso busc\u00f3 que el duelo ante los Pumas de la Jornada 8, pudiera tener gente en la tribuna, pero este plan no procedi\u00f3.<\/p>\n\n\n\n<p class=\"wp-block-paragraph\">Pese a esto, el Guadalajara est\u00e1 en contacto con las autoridades correspondientes para encontrar el momento adecuado de permitir el ingreso de nueva cuenta de sus aficionados al Akron. En caso de que en las pr\u00f3ximas semanas encuentren una respuesta positiva, el Cl\u00e1sico Nacional ante el Am\u00e9rica, a disputarse el domingo 14 de marzo, contar\u00eda con afici\u00f3n.<\/p>\n\n\n\n<p class=\"wp-block-paragraph\">&#8220;Tenemos todas las herramientas teniendo un porcentaje reducido de personas. Hemos estado en comunicaci\u00f3n con las autoridades. Para el partido con Pumas no hay condiciones, pero para los siguientes juegos esperemos tener a la afici\u00f3n en el estadio. Esperemos que para el Cl\u00e1sico est\u00e9 abierto. Pero no puedo asegurar la fecha en que se abrir\u00e1&#8221;, declar\u00f3 Amaury Vergara, propietario de Chivas, en entrevista.<\/p>\n","protected":false},"excerpt":{"rendered":"<p>(EL UNIVERSAL).- Hace unos d\u00edas el sem\u00e1foro epidemiol\u00f3gico cambi\u00f3 en algunos estados de la Rep\u00fablica Mexicana y esa situaci\u00f3n podr\u00eda hacer que ciertos estadios del futbol mexicano reabran sus puertas a la afici\u00f3n. Tal es el caso de Jalisco. En aquella entidad el Atlas y el Guadalajara tienen la opci\u00f3n de realizar la petici\u00f3n a [&hellip;]<\/p>\n","protected":false},"author":81,"featured_media":154849,"comment_status":"closed","ping_status":"open","sticky":false,"template":"","format":"standard","meta":{"footnotes":""},"categories":[39],"tags":[],"class_list":["post-154834","post","type-post","status-publish","format-standard","has-post-thumbnail","hentry","category-deportiva"],"_links":{"self":[{"href":"https:\/\/plazajuarez.mx\/historico\/wp-json\/wp\/v2\/posts\/154834","targetHints":{"allow":["GET"]}}],"collection":[{"href":"https:\/\/plazajuarez.mx\/historico\/wp-json\/wp\/v2\/posts"}],"about":[{"href":"https:\/\/plazajuarez.mx\/historico\/wp-json\/wp\/v2\/types\/post"}],"author":[{"embeddable":true,"href":"https:\/\/plazajuarez.mx\/historico\/wp-json\/wp\/v2\/users\/81"}],"replies":[{"embeddable":true,"href":"https:\/\/plazajuarez.mx\/historico\/wp-json\/wp\/v2\/comments?post=154834"}],"version-history":[{"count":0,"href":"https:\/\/plazajuarez.mx\/historico\/wp-json\/wp\/v2\/posts\/154834\/revisions"}],"wp:featuredmedia":[{"embeddable":true,"href":"https:\/\/plazajuarez.mx\/historico\/wp-json\/wp\/v2\/media\/154849"}],"wp:attachment":[{"href":"https:\/\/plazajuarez.mx\/historico\/wp-json\/wp\/v2\/media?parent=154834"}],"wp:term":[{"taxonomy":"category","embeddable":true,"href":"https:\/\/plazajuarez.mx\/historico\/wp-json\/wp\/v2\/categories?post=154834"},{"taxonomy":"post_tag","embeddable":true,"href":"https:\/\/plazajuarez.mx\/historico\/wp-json\/wp\/v2\/tags?post=154834"}],"curies":[{"name":"wp","href":"https:\/\/api.w.org\/{rel}","templated":true}]}}