{"id":15483,"date":"2016-01-06T12:52:41","date_gmt":"2016-01-06T12:52:41","guid":{"rendered":"http:\/\/plazajuarez.mx\/index\/index.php\/2016\/01\/06\/le-cerceno-la-cabeza-con-una-retroexcavadora\/"},"modified":"2016-01-06T12:52:41","modified_gmt":"2016-01-06T12:52:41","slug":"le-cerceno-la-cabeza-con-una-retroexcavadora","status":"publish","type":"post","link":"https:\/\/plazajuarez.mx\/historico\/le-cerceno-la-cabeza-con-una-retroexcavadora\/","title":{"rendered":"LE CERCEN\u00d3 LA CABEZA CON UNA RETROEXCAVADORA"},"content":{"rendered":"<p>TRAGEDIA EN EMILIANO ZAPATA <\/p>\n<p>Agentes de la Coordinaci\u00f3n de Seguridad Estatal, detuvieron a un hombre luego de que ayud\u00f3 a rescatar a una persona que qued\u00f3 sepultada entre los escombros, mientras constru\u00eda una barda para contener tierra \u00a0<\/p>\n<p>PACHUCA DE SOTO \/ Plaza Ju\u00e1rez<\/p>\n<p>  <!--more-->  <\/p>\n<p>\u00a0<\/p>\n<p>Lamentable deceso ocurri\u00f3 en el municipio de Emiliano Zapata; un hombre constru\u00eda una barda para contener un bordo de tierra, pero \u00e9sta termin\u00f3 por destruirse y el sujeto qued\u00f3 sepultado en los escombros. Por la alarmante situaci\u00f3n, testigos solicitaron el apoyo del operador de una retroexcavadora, a fin de rescatar a la v\u00edctima; no obstante, durante las maniobras de rescate, el operador le cercen\u00f3 la cabeza. Por el impactante hecho, mediante la l\u00ednea de emergencias se dio pronto aviso a los integrantes de la Coordinaci\u00f3n de Seguridad Estatal asignados al municipio de Apan, ellos se encargaron de tomar conocimiento de los hechos. Los reportes de la polic\u00eda determinaron que el individuo en vida llevaba el nombre de Rodrigo \u201cR\u201d y era vecino de la colonia Santa Clara. En el lugar de los hechos, los oficiales aseguraron a V\u00edctor \u201cM\u201d, de 59 a\u00f1os de edad; el ahora detenido mencion\u00f3 que circulaba sobre la Avenida 18 de julio, cuando unas personas le pidieron ayuda para rescatar a Rodrigo. Con el apoyo de la maquinaria intent\u00f3 sacarlo de los escombros pero durante las maniobras, a la v\u00edctima se le desprendi\u00f3 la cabeza del cuerpo. Elementos de la polic\u00eda estatal dieron aviso al Ministerio P\u00fablico, con la finalidad de iniciar las diligencias correspondientes y ordenar el levantamiento del cuerpo. V\u00edctor tuvo que ser puesto a disposici\u00f3n de las autoridades correspondientes, a fin de que se realicen las investigaciones y de esta forma deslindar responsabilidades.\u00a0<\/p>\n","protected":false},"excerpt":{"rendered":"<p>TRAGEDIA EN EMILIANO ZAPATA Agentes de la Coordinaci\u00f3n de Seguridad Estatal, detuvieron a un hombre luego de que ayud\u00f3 a rescatar a una persona que qued\u00f3 sepultada entre los escombros, mientras constru\u00eda una barda para contener tierra \u00a0 PACHUCA DE SOTO \/ Plaza Ju\u00e1rez<\/p>\n","protected":false},"author":93,"featured_media":0,"comment_status":"open","ping_status":"open","sticky":false,"template":"","format":"standard","meta":{"footnotes":""},"categories":[37],"tags":[],"class_list":["post-15483","post","type-post","status-publish","format-standard","hentry","category-barandilla"],"_links":{"self":[{"href":"https:\/\/plazajuarez.mx\/historico\/wp-json\/wp\/v2\/posts\/15483","targetHints":{"allow":["GET"]}}],"collection":[{"href":"https:\/\/plazajuarez.mx\/historico\/wp-json\/wp\/v2\/posts"}],"about":[{"href":"https:\/\/plazajuarez.mx\/historico\/wp-json\/wp\/v2\/types\/post"}],"author":[{"embeddable":true,"href":"https:\/\/plazajuarez.mx\/historico\/wp-json\/wp\/v2\/users\/93"}],"replies":[{"embeddable":true,"href":"https:\/\/plazajuarez.mx\/historico\/wp-json\/wp\/v2\/comments?post=15483"}],"version-history":[{"count":0,"href":"https:\/\/plazajuarez.mx\/historico\/wp-json\/wp\/v2\/posts\/15483\/revisions"}],"wp:attachment":[{"href":"https:\/\/plazajuarez.mx\/historico\/wp-json\/wp\/v2\/media?parent=15483"}],"wp:term":[{"taxonomy":"category","embeddable":true,"href":"https:\/\/plazajuarez.mx\/historico\/wp-json\/wp\/v2\/categories?post=15483"},{"taxonomy":"post_tag","embeddable":true,"href":"https:\/\/plazajuarez.mx\/historico\/wp-json\/wp\/v2\/tags?post=15483"}],"curies":[{"name":"wp","href":"https:\/\/api.w.org\/{rel}","templated":true}]}}