{"id":154738,"date":"2021-03-02T07:07:07","date_gmt":"2021-03-02T13:07:07","guid":{"rendered":"https:\/\/plazajuarez.mx\/?p=154738"},"modified":"2021-03-02T07:07:20","modified_gmt":"2021-03-02T13:07:20","slug":"alfil-negro-2031","status":"publish","type":"post","link":"https:\/\/plazajuarez.mx\/historico\/alfil-negro-2031\/","title":{"rendered":"ALFIL NEGRO"},"content":{"rendered":"\n<h2 class=\"wp-block-heading\">UNA PANDEMIA NECIA Y UN SEM\u00c1FORO HIDALGUENSE\u00a0<\/h2>\n\n\n\n<p>En 17 d\u00edas se cumple un a\u00f1o de que lleg\u00f3 el Covid 19 a Hidalgo y es el momento en que se sigue dando la batalla con todo lo que se tiene y se instrumenta, lo mismo en cuesti\u00f3n m\u00e9dica en hospitales y con un personal m\u00e9dico cansado y estrenado despu\u00e9s de largas y hasta peligrosas jornadas&nbsp; de trabajo y las medidas que se tienen para frenar los contagios y que todos los d\u00edas se repiten una y otra vez.<\/p>\n\n\n\n<p>Las cifras de contagios y fallecimientos&nbsp; se\u00f1alan que la pandemia va disminuyendo, y el d\u00eda de ayer lunes es uno de los m\u00e1s esperanzadores pues s\u00f3lo hubo 40 nuevos contagios y 9 personas que perdieron la vida.<\/p>\n\n\n\n<p>Pero en total la pandemia nos ha golpeado hasta esta hora con 5413 personas fallecidas y 34544 contagiados en total, muchos de ellos a salvo ya y con los fallecidos ya se\u00f1alados.<\/p>\n\n\n\n<p>El tema de las vacunas que se aplican con decisiones del gobierno federal es dif\u00edcil de entender, porque todos vemos que se aplican primero en municipios donde los contagios y fallecimientos no son tan fuertes como en otros donde todo parece indicar que servir\u00edan para frenar de manera contundente a este virus.<\/p>\n\n\n\n<p>Las decisiones de apoyar a comunidades&nbsp; por criterios que no sean m\u00e9dicos parecen poco afortunados, porque dejar el rengl\u00f3n salud despu\u00e9s de otras consideraciones pueden tener muchas justificaciones pero no responden a la urgencia de salud.<\/p>\n\n\n\n<p>El razonamiento es elemental: si la pandemia se concentra en&nbsp; Pachuca en un 42 por&nbsp; ciento del total de contagios y fallecimientos y llega al 62 por ciento con el n\u00famero que aportan Mineral dela Reforma,Tizayuca, Ixmiquilpan y Tulancingo, no parece equivocado vacunar a la gente de estas municipalidades empezando por los m\u00e1s afectados .<\/p>\n\n\n\n<p>Mientras no se decida as\u00ed, el \u00fanico camino que queda para brincar esta pandemia es el confinamiento y las medidas que se tienen en pr\u00e1ctica.<\/p>\n\n\n\n<p>La pandemia no est\u00e1 vencida ni nada por&nbsp; el estilo y prueba&nbsp; de ello es que aunque la federaci\u00f3n dijo que estamos en sem\u00e1foro amarillo, las autoridades sanitarias del estado se\u00f1alaron que Ning\u00fan municipio en Hidalgo est\u00e1 en amarillo y qu\u00e9 hay 33 que est\u00e1n en rojo y el resto en naranja hasta nuevo aviso, que depende de c\u00f3mo evolucione la pandemia en el estado.<\/p>\n\n\n\n<p>Y tienen raz\u00f3n porque el sem\u00e1foro amarillo lo que provoca es desatenci\u00f3n a las medidas de contenci\u00f3n, porque se puede pensar que esto ya pas\u00f3 y en menos que canta un gallo otra vez en rojo con todas sus consecuencias.<\/p>\n\n\n\n<p>Un a\u00f1o con esta pesadilla es mucho tiempo y mucho da\u00f1o en todas las&nbsp; expresiones de vida.<\/p>\n\n\n\n<p>Los n\u00fameros mejoran, que no sea la irresponsabilidad la que provoque regresar a color rojo,<\/p>\n\n\n\n<p>Y todos&nbsp; esperamos que haya una nueva direcci\u00f3n en la aplicaci\u00f3n de vacunas con criterios de salud y no otros.<\/p>\n\n\n\n<p>Ya casi un a\u00f1o de nuestra vida con el Covid.<\/p>\n","protected":false},"excerpt":{"rendered":"<p>UNA PANDEMIA NECIA Y UN SEM\u00c1FORO HIDALGUENSE\u00a0 En 17 d\u00edas se cumple un a\u00f1o de que lleg\u00f3 el Covid 19 a Hidalgo y es el momento en que se sigue dando la batalla con todo lo que se tiene y se instrumenta, lo mismo en cuesti\u00f3n m\u00e9dica en hospitales y con un personal m\u00e9dico cansado [&hellip;]<\/p>\n","protected":false},"author":83,"featured_media":154739,"comment_status":"closed","ping_status":"open","sticky":false,"template":"","format":"standard","meta":{"footnotes":""},"categories":[48,42],"tags":[],"class_list":["post-154738","post","type-post","status-publish","format-standard","has-post-thumbnail","hentry","category-adalberto-peralta","category-nuestrapalabra"],"_links":{"self":[{"href":"https:\/\/plazajuarez.mx\/historico\/wp-json\/wp\/v2\/posts\/154738","targetHints":{"allow":["GET"]}}],"collection":[{"href":"https:\/\/plazajuarez.mx\/historico\/wp-json\/wp\/v2\/posts"}],"about":[{"href":"https:\/\/plazajuarez.mx\/historico\/wp-json\/wp\/v2\/types\/post"}],"author":[{"embeddable":true,"href":"https:\/\/plazajuarez.mx\/historico\/wp-json\/wp\/v2\/users\/83"}],"replies":[{"embeddable":true,"href":"https:\/\/plazajuarez.mx\/historico\/wp-json\/wp\/v2\/comments?post=154738"}],"version-history":[{"count":0,"href":"https:\/\/plazajuarez.mx\/historico\/wp-json\/wp\/v2\/posts\/154738\/revisions"}],"wp:featuredmedia":[{"embeddable":true,"href":"https:\/\/plazajuarez.mx\/historico\/wp-json\/wp\/v2\/media\/154739"}],"wp:attachment":[{"href":"https:\/\/plazajuarez.mx\/historico\/wp-json\/wp\/v2\/media?parent=154738"}],"wp:term":[{"taxonomy":"category","embeddable":true,"href":"https:\/\/plazajuarez.mx\/historico\/wp-json\/wp\/v2\/categories?post=154738"},{"taxonomy":"post_tag","embeddable":true,"href":"https:\/\/plazajuarez.mx\/historico\/wp-json\/wp\/v2\/tags?post=154738"}],"curies":[{"name":"wp","href":"https:\/\/api.w.org\/{rel}","templated":true}]}}