{"id":154733,"date":"2021-03-02T07:04:55","date_gmt":"2021-03-02T13:04:55","guid":{"rendered":"https:\/\/plazajuarez.mx\/?p=154733"},"modified":"2021-03-02T07:05:10","modified_gmt":"2021-03-02T13:05:10","slug":"laguna-de-voces-707","status":"publish","type":"post","link":"https:\/\/plazajuarez.mx\/historico\/laguna-de-voces-707\/","title":{"rendered":"LAGUNA DE VOCES"},"content":{"rendered":"\n<h2 class=\"wp-block-heading\">Aguante, simplemente aguante y escriba el diario de la vida<\/h2>\n\n\n\n<p>Marzo. Si escribi\u00e9ramos un diario de guerra con seguridad anotar\u00edamos, \u201cparece que lo peor empieza a pasar, solo deseo sobrevivir, que la mala fortuna no me haga estar en el lugar equivocado y a la hora equivocado. Que la suerte, la fortuna y Dios sean mi pastor\u201d.<\/p>\n\n\n\n<p>Sin embargo, del soldado solo ser\u00e1 encontrado el cuaderno con la fecha en que se confirmar\u00e1 el tr\u00e1gico y fat\u00eddico hecho de que a punto de que las tropas aliadas a su bando llegaran en su auxilio, uno de los \u00faltimos bombardeos cay\u00f3 justo donde el que escrib\u00eda rogaba que pasaran con m\u00e1s prisa los d\u00edas y as\u00ed salvarse.<\/p>\n\n\n\n<p>Luego de semanas, meses y meses de espera, pasar\u00e1 a muchos que la suerte se acabe, que igual a decenas de miles desaparezcan de la faz de la tierra, sean barridos por la pandemia y simplemente se agreguen a las cifras sin rostro, sin historia, sin la gran suerte que tuvieron a su lado durante casi un a\u00f1o, m\u00e1s de un a\u00f1o tal vez.<\/p>\n\n\n\n<p>Con toda seguridad ese ser\u00e1 el saldo terrible de lo que vivimos: los adioses sin tener a qui\u00e9n llorar, a qui\u00e9n decir que se le recordar\u00e1. Porque hace falta la presencia del que ha partido para cumplir fielmente el rito de los adioses, de otro modo queda mocho, incompleto, y nadie que se va sin despedirse puede caminar donde quiera que vaya.<\/p>\n\n\n\n<p>Por desgracia cuando casi se canta victoria, la bala traicionera, la que golpea por la espalda, la que acaba con todo lo que hab\u00eda otorgado la fe se aparece para desaparecer al que tiene enfrente.<\/p>\n\n\n\n<p>As\u00ed que no pensemos que la gran guerra ha terminado, que el invasor ya toca retirada porque no es as\u00ed, no ser\u00e1 as\u00ed por mucho tiempo, con todo y que dejar\u00e1 de ser mort\u00edfero por necesidad para ser otra de las muchas amenazas que nos rodean.<\/p>\n\n\n\n<p>Pero en este marzo que arranca, en abril, en mayor en junio, en julio, en agosto, en septiembre, no permita que lo agarre desprevenido, no festeje una victoria que todav\u00eda no existe. Existe s\u00ed, todav\u00eda, el virus; es mortal, s\u00ed, el virus; somos mortales, vilmente mortales, s\u00ed, todos.<\/p>\n\n\n\n<p>Ya pasamos muchos meses de encierro, de hartazgo, de tristeza, de profunda depresi\u00f3n.&nbsp;<\/p>\n\n\n\n<p>Aguante un poco m\u00e1s.<\/p>\n\n\n\n<p>Si todo camina como deseamos, en octubre seguro que podremos saludarnos sin problemas en la calle, en cualquier lugar a donde ya podremos ir.<\/p>\n\n\n\n<p>Y seguramente anotaremos en ese diario: \u201coctubre. Por fin hoy sal\u00ed a la calle, libre de la amenaza, del terror, del miedo. Aprend\u00ed que no hay nadie m\u00e1s indicado para cuidarme que yo mismo, que desde el principio depend\u00eda de m\u00ed y no de ineptos. Sal\u00ed a la calle y no vi a ning\u00fan semejante caer por una bala perdida. Sobreviv\u00ed, estoy feliz\u201d.<\/p>\n\n\n\n<p>Mil gracias, hasta ma\u00f1ana.<\/p>\n\n\n\n<p>@JavierEPeralta<\/p>\n\n\n\n<p>jeperalta@plazajuarez.mx\/historico\/historico<\/p>\n","protected":false},"excerpt":{"rendered":"<p>Aguante, simplemente aguante y escriba el diario de la vida Marzo. Si escribi\u00e9ramos un diario de guerra con seguridad anotar\u00edamos, \u201cparece que lo peor empieza a pasar, solo deseo sobrevivir, que la mala fortuna no me haga estar en el lugar equivocado y a la hora equivocado. Que la suerte, la fortuna y Dios sean [&hellip;]<\/p>\n","protected":false},"author":10,"featured_media":154735,"comment_status":"closed","ping_status":"open","sticky":false,"template":"","format":"standard","meta":{"footnotes":""},"categories":[49],"tags":[],"class_list":["post-154733","post","type-post","status-publish","format-standard","has-post-thumbnail","hentry","category-javier-peralta"],"_links":{"self":[{"href":"https:\/\/plazajuarez.mx\/historico\/wp-json\/wp\/v2\/posts\/154733","targetHints":{"allow":["GET"]}}],"collection":[{"href":"https:\/\/plazajuarez.mx\/historico\/wp-json\/wp\/v2\/posts"}],"about":[{"href":"https:\/\/plazajuarez.mx\/historico\/wp-json\/wp\/v2\/types\/post"}],"author":[{"embeddable":true,"href":"https:\/\/plazajuarez.mx\/historico\/wp-json\/wp\/v2\/users\/10"}],"replies":[{"embeddable":true,"href":"https:\/\/plazajuarez.mx\/historico\/wp-json\/wp\/v2\/comments?post=154733"}],"version-history":[{"count":0,"href":"https:\/\/plazajuarez.mx\/historico\/wp-json\/wp\/v2\/posts\/154733\/revisions"}],"wp:featuredmedia":[{"embeddable":true,"href":"https:\/\/plazajuarez.mx\/historico\/wp-json\/wp\/v2\/media\/154735"}],"wp:attachment":[{"href":"https:\/\/plazajuarez.mx\/historico\/wp-json\/wp\/v2\/media?parent=154733"}],"wp:term":[{"taxonomy":"category","embeddable":true,"href":"https:\/\/plazajuarez.mx\/historico\/wp-json\/wp\/v2\/categories?post=154733"},{"taxonomy":"post_tag","embeddable":true,"href":"https:\/\/plazajuarez.mx\/historico\/wp-json\/wp\/v2\/tags?post=154733"}],"curies":[{"name":"wp","href":"https:\/\/api.w.org\/{rel}","templated":true}]}}