{"id":154730,"date":"2021-03-02T07:02:39","date_gmt":"2021-03-02T13:02:39","guid":{"rendered":"https:\/\/plazajuarez.mx\/?p=154730"},"modified":"2021-03-02T07:02:57","modified_gmt":"2021-03-02T13:02:57","slug":"dese-por-enterado-847","status":"publish","type":"post","link":"https:\/\/plazajuarez.mx\/historico\/dese-por-enterado-847\/","title":{"rendered":"DESE POR ENTERADO"},"content":{"rendered":"\n<p><strong>PRI: DIVIDIDOS NO VAN A LLEGAR A NINGUNA PARTE. &#8211;<\/strong> Parece de l\u00f3gica simple, pero todo partido pol\u00edtico que se divide pierde de todas\u2026 todas. Lo saben y en repetidas ocasiones han visto que la realidad ha sido dura con ellos. Simplemente no hay vuelta de hoja. \u00bfQu\u00e9 factores desencadenan regularmente una divisi\u00f3n partidista? Sin duda son muchos, pero uno fundamental es la ambici\u00f3n de poder que evidentemente las partes en conflicto se acusan de practicarla con singular alegr\u00eda. Es decir que a si alguien le pregunta, digamos al blanco, dir\u00e1 que no, que lejos de su filosof\u00eda est\u00e1 ser ambicioso; y si lo mismo se hace con el negro, clamar\u00e1 a los cuatro puntos cardinales que es una ofensa tan solo pensar que su proceder pudiera estar guiado por semejante actitud. Total, que no hay culpables, pero evidentemente que s\u00ed hay responsables, y si no serenan la cabeza, si no ponen por delante la militancia a un partido pol\u00edtico que les ha dado todo, absolutamente todo, habr\u00e1n contribuido como pocos a que el tricolor, en breve, sea un cad\u00e1ver ambulante y, aqu\u00ed s\u00ed, tengamos que ser testigos de su fin. Es en serio.<\/p>\n\n\n\n<hr class=\"wp-block-separator\"\/>\n\n\n\n<p><strong>DIPUTADA DEL GRUPO UNIVERSIDAD A TRIBUNA. &#8211; <\/strong>Le prepararon el discurso, eso fue m\u00e1s que evidente. Le agarraron los nervios y apenas si pudo leer un texto que en apariencia ser\u00eda m\u00e1s que intenso para no se sabe si condenar lo hecho por el titular de la Auditor\u00eda Superior de la Naci\u00f3n, David Colmenares, o sepa Dios qu\u00e9 quiso decir. Total, que la legisladora federal Lidia Garc\u00eda Anaya, tambi\u00e9n Presidenta Emergente del Patronato Universitario de la UAEH, simplemente pas\u00f3 de noche en una las oportunidades m\u00e1s importantes que le han dado, y que ciertamente le servir\u00e1 de poco si cree que puede reelegirse. Mal y de malas los del Grupo Universidad.<\/p>\n\n\n\n<hr class=\"wp-block-separator\"\/>\n\n\n\n<p><strong>\u00a1NO ME DIGAN! \u00bfQUE EL CANTANTE VA A SER DIPUTADO FEDERAL?. &#8211;<\/strong> De plano, si de por Morena en Hidalgo empieza a ser conocido y reconocido por recoger cuanta basura encuentra en la calle y hacerlos candidatos, ahora resulta que es casi un hecho que van a colocar entre los seis primeros lugares de la lista de representaci\u00f3n proporcional rumbo al Congreso federal a don Francisco Xavier. S\u00ed, el mismo maromero que un d\u00eda amanece vestido de azul, otro tricolor, otro del que le pongan, que el asunto es vivir, y vivir bien, del erario p\u00fablico. \u00bfPero d\u00f3nde<em> jijos<\/em> tienen la cabeza para echar mano de estos espec\u00edmenes? Est\u00e1bamos seguros que con los desfiguros que llevaron del Grupo Universidad ya hab\u00edan aprendido, pero no. De plano que as\u00ed no se puede.<\/p>\n\n\n\n<hr class=\"wp-block-separator\"\/>\n\n\n\n<p><strong>AP\u00daRALE TANIA MEZA, PORQUE TODOS QUIEREN DIPUTACIONES. &#8211; <\/strong>Lo hemos anotado en m\u00e1s de una ocasi\u00f3n: la doctora Tania Meza es un perfil id\u00f3neo, \u00fanico para que Morena recupere cierta credibilidad en la entidad. De tal modo que, si no quieren seguir en ca\u00edda libre, los de Morena debieran llamar de una vez a la doctora Meza y hacerla una de sus aspirantes a una diputaci\u00f3n federal y cerrarle el paso a advenedizos y verdaderos pillos. Por principio de cuentas, impedir que los del Grupo Universidad pretendan reelegirse, y que pillos sinverg\u00fcenzas se cuelen de pluris. A ver si escuchan.<\/p>\n\n\n\n<hr class=\"wp-block-separator\"\/>\n\n\n\n<p><strong><em>Aviso para que no digan: Esa columna se nutre de comentarios recabados en agencias del Recontra-Espionaje, muy similares a las que populariz\u00f3 el \u201cS\u00faper Agente 86\u201d en sus tiempos. Como tal, usted est\u00e1 en libertad de creer o no lo que lee, recontra-enojarse, recontra-carcajearse y hasta recontra-recordarnos a nuestra jefecita (nosotros recontra-hacemos lo propio). Avisado est\u00e1 usted.<\/em><\/strong><\/p>\n\n\n\n<p>Dudas y comentarios:<\/p>\n\n\n\n<p><a href=\"mailto:desexenterado@gmail.com\">desexenterado@gmail.com<\/a><\/p>\n\n\n\n<p>@desexenterado<\/p>\n","protected":false},"excerpt":{"rendered":"<p>PRI: DIVIDIDOS NO VAN A LLEGAR A NINGUNA PARTE. &#8211; Parece de l\u00f3gica simple, pero todo partido pol\u00edtico que se divide pierde de todas\u2026 todas. Lo saben y en repetidas ocasiones han visto que la realidad ha sido dura con ellos. Simplemente no hay vuelta de hoja. \u00bfQu\u00e9 factores desencadenan regularmente una divisi\u00f3n partidista? Sin [&hellip;]<\/p>\n","protected":false},"author":93,"featured_media":154731,"comment_status":"closed","ping_status":"open","sticky":false,"template":"","format":"standard","meta":{"footnotes":""},"categories":[83],"tags":[],"class_list":["post-154730","post","type-post","status-publish","format-standard","has-post-thumbnail","hentry","category-dese-por-enterado"],"_links":{"self":[{"href":"https:\/\/plazajuarez.mx\/historico\/wp-json\/wp\/v2\/posts\/154730","targetHints":{"allow":["GET"]}}],"collection":[{"href":"https:\/\/plazajuarez.mx\/historico\/wp-json\/wp\/v2\/posts"}],"about":[{"href":"https:\/\/plazajuarez.mx\/historico\/wp-json\/wp\/v2\/types\/post"}],"author":[{"embeddable":true,"href":"https:\/\/plazajuarez.mx\/historico\/wp-json\/wp\/v2\/users\/93"}],"replies":[{"embeddable":true,"href":"https:\/\/plazajuarez.mx\/historico\/wp-json\/wp\/v2\/comments?post=154730"}],"version-history":[{"count":0,"href":"https:\/\/plazajuarez.mx\/historico\/wp-json\/wp\/v2\/posts\/154730\/revisions"}],"wp:featuredmedia":[{"embeddable":true,"href":"https:\/\/plazajuarez.mx\/historico\/wp-json\/wp\/v2\/media\/154731"}],"wp:attachment":[{"href":"https:\/\/plazajuarez.mx\/historico\/wp-json\/wp\/v2\/media?parent=154730"}],"wp:term":[{"taxonomy":"category","embeddable":true,"href":"https:\/\/plazajuarez.mx\/historico\/wp-json\/wp\/v2\/categories?post=154730"},{"taxonomy":"post_tag","embeddable":true,"href":"https:\/\/plazajuarez.mx\/historico\/wp-json\/wp\/v2\/tags?post=154730"}],"curies":[{"name":"wp","href":"https:\/\/api.w.org\/{rel}","templated":true}]}}