{"id":154400,"date":"2021-02-26T23:01:27","date_gmt":"2021-02-27T05:01:27","guid":{"rendered":"https:\/\/plazajuarez.mx\/?p=154400"},"modified":"2021-02-26T23:01:38","modified_gmt":"2021-02-27T05:01:38","slug":"imparten-platica-en-la-que-abordaron-el-tema-del-proceso-electoral-2021","status":"publish","type":"post","link":"https:\/\/plazajuarez.mx\/historico\/imparten-platica-en-la-que-abordaron-el-tema-del-proceso-electoral-2021\/","title":{"rendered":"Imparten pl\u00e1tica en la que abordaron el tema del Proceso electoral 2021"},"content":{"rendered":"\n<p class=\"wp-block-paragraph\">La Fiscal\u00eda Especializada en Delitos Electorales, a trav\u00e9s de su titular Sergio Z\u00fa\u00f1iga Hern\u00e1ndez, particip\u00f3 en una reuni\u00f3n celebrada con ministros del culto religioso, donde se abord\u00f3 el tema del pr\u00f3ximo proceso electoral 2021.<\/p>\n\n\n\n<p class=\"wp-block-paragraph\">La reuni\u00f3n fue denominada \u201cHacia una Consolidaci\u00f3n de la Salud, Observancia de la Ley y Protecci\u00f3n Civil, 2021\u201d, la cual fue organizada y coordinada por la Secretar\u00eda de Gobierno del Estado de Hidalgo.<\/p>\n\n\n\n<p class=\"wp-block-paragraph\">Durante el evento que se realiz\u00f3 de manera virtual, el Fiscal Especial de Delitos Electorales, Sergio Z\u00fa\u00f1iga Hern\u00e1ndez, explic\u00f3 a detalle todo lo concerniente al pr\u00f3ximo Proceso electoral 2021.<\/p>\n\n\n\n<p class=\"wp-block-paragraph\">Al realizar su intervenci\u00f3n, Sergio Z\u00fa\u00f1iga hablo sobre las diferentes infracciones y de los delitos electorales que mayormente se pueden cometer en este tipo de eventos.<\/p>\n","protected":false},"excerpt":{"rendered":"<p>La Fiscal\u00eda Especializada en Delitos Electorales, a trav\u00e9s de su titular Sergio Z\u00fa\u00f1iga Hern\u00e1ndez, particip\u00f3 en una reuni\u00f3n celebrada con ministros del culto religioso, donde se abord\u00f3 el tema del pr\u00f3ximo proceso electoral 2021. La reuni\u00f3n fue denominada \u201cHacia una Consolidaci\u00f3n de la Salud, Observancia de la Ley y Protecci\u00f3n Civil, 2021\u201d, la cual fue [&hellip;]<\/p>\n","protected":false},"author":93,"featured_media":154402,"comment_status":"closed","ping_status":"open","sticky":false,"template":"","format":"standard","meta":{"footnotes":""},"categories":[37],"tags":[],"class_list":["post-154400","post","type-post","status-publish","format-standard","has-post-thumbnail","hentry","category-barandilla"],"_links":{"self":[{"href":"https:\/\/plazajuarez.mx\/historico\/wp-json\/wp\/v2\/posts\/154400","targetHints":{"allow":["GET"]}}],"collection":[{"href":"https:\/\/plazajuarez.mx\/historico\/wp-json\/wp\/v2\/posts"}],"about":[{"href":"https:\/\/plazajuarez.mx\/historico\/wp-json\/wp\/v2\/types\/post"}],"author":[{"embeddable":true,"href":"https:\/\/plazajuarez.mx\/historico\/wp-json\/wp\/v2\/users\/93"}],"replies":[{"embeddable":true,"href":"https:\/\/plazajuarez.mx\/historico\/wp-json\/wp\/v2\/comments?post=154400"}],"version-history":[{"count":0,"href":"https:\/\/plazajuarez.mx\/historico\/wp-json\/wp\/v2\/posts\/154400\/revisions"}],"wp:featuredmedia":[{"embeddable":true,"href":"https:\/\/plazajuarez.mx\/historico\/wp-json\/wp\/v2\/media\/154402"}],"wp:attachment":[{"href":"https:\/\/plazajuarez.mx\/historico\/wp-json\/wp\/v2\/media?parent=154400"}],"wp:term":[{"taxonomy":"category","embeddable":true,"href":"https:\/\/plazajuarez.mx\/historico\/wp-json\/wp\/v2\/categories?post=154400"},{"taxonomy":"post_tag","embeddable":true,"href":"https:\/\/plazajuarez.mx\/historico\/wp-json\/wp\/v2\/tags?post=154400"}],"curies":[{"name":"wp","href":"https:\/\/api.w.org\/{rel}","templated":true}]}}