{"id":154233,"date":"2021-02-26T07:13:40","date_gmt":"2021-02-26T13:13:40","guid":{"rendered":"https:\/\/plazajuarez.mx\/?p=154233"},"modified":"2021-02-26T07:13:51","modified_gmt":"2021-02-26T13:13:51","slug":"alfil-negro-2029","status":"publish","type":"post","link":"https:\/\/plazajuarez.mx\/historico\/alfil-negro-2029\/","title":{"rendered":"ALFIL NEGRO"},"content":{"rendered":"\n<h2 class=\"wp-block-heading\">MA\u00d1ANA SER\u00c1 OTRO D\u00cdA&nbsp;<\/h2>\n\n\n\n<p>\u201cMa\u00f1ana ser\u00e1 otro d\u00eda\u201d,<\/p>\n\n\n\n<p>me dec\u00eda mi santa madre.&nbsp;<\/p>\n\n\n\n<p>\u201cMa\u00f1ana ser\u00e1 otro d\u00eda\u201d,&nbsp;<\/p>\n\n\n\n<p>me dec\u00eda mi padre fuerte<\/p>\n\n\n\n<p>cuando la lluvia golpeaba,<\/p>\n\n\n\n<p>cuando algo nos dol\u00eda,&nbsp;<\/p>\n\n\n\n<p>y yo miraba el ma\u00f1ana<\/p>\n\n\n\n<p>como el sol de la alegr\u00eda,<\/p>\n\n\n\n<p>como respuesta milagro<\/p>\n\n\n\n<p>a las penas y los llantos,<\/p>\n\n\n\n<p>a redes de peces llenas,<\/p>\n\n\n\n<p>al verde de los maizales,<\/p>\n\n\n\n<p>a los juegos de los ni\u00f1os<\/p>\n\n\n\n<p>en el parque de mi pueblo,<\/p>\n\n\n\n<p>y al milagro de mi cielo;<\/p>\n\n\n\n<p>\u00e1rbol repleto de estrellas,<\/p>\n\n\n\n<p>a calles con tanta calma<\/p>\n\n\n\n<p>que escuchaba con certeza<\/p>\n\n\n\n<p>el rodar de los cometas<\/p>\n\n\n\n<p>y el canto de los jilgueros<\/p>\n\n\n\n<p>en su letan\u00eda de&nbsp; rezos,<\/p>\n\n\n\n<p>en procesi\u00f3n de silencios<\/p>\n\n\n\n<p>que guardo dentro del alma.<\/p>\n\n\n\n<p>Ma\u00f1ana ser\u00e1 otro d\u00eda,<\/p>\n\n\n\n<p>y era salmo y profec\u00eda<\/p>\n\n\n\n<p>de que las sombras nocturnas<\/p>\n\n\n\n<p>caen vencidas por las luces<\/p>\n\n\n\n<p>que iluminan el camino,<\/p>\n\n\n\n<p>que el dolor de lo perdido,<\/p>\n\n\n\n<p>de la angustia que lastima,<\/p>\n\n\n\n<p>pasar\u00e1 como recuerdo<\/p>\n\n\n\n<p>de muchos d\u00edas de tristeza,<\/p>\n\n\n\n<p>de mirar desde la esquina<\/p>\n\n\n\n<p>batas blancas y enfermeras,<\/p>\n\n\n\n<p>mariposas que nos miran,<\/p>\n\n\n\n<p>vacunas contra la muerte,&nbsp;<\/p>\n\n\n\n<p>puertas de vida y de cantos<\/p>\n\n\n\n<p>mientras las dudas nos muerden,<\/p>\n\n\n\n<p>y envejecemos en horas,<\/p>\n\n\n\n<p>y nos dicen con repiques<\/p>\n\n\n\n<p>que la vida es un momento,<\/p>\n\n\n\n<p>un adem\u00e1n que lo mismo<\/p>\n\n\n\n<p>es de entrada que de salida,<\/p>\n\n\n\n<p>y a fuerza de encerrarnos<\/p>\n\n\n\n<p>olvidamos nuestros parques,<\/p>\n\n\n\n<p>la voz de nuestros amigos,<\/p>\n\n\n\n<p>el tono de las canciones,<\/p>\n\n\n\n<p>y pensamos que la vida&nbsp;<\/p>\n\n\n\n<p>es un tiempo solo sombras,<\/p>\n\n\n\n<p>en que la luna nos dice<\/p>\n\n\n\n<p>que lo negro no es por siempre,<\/p>\n\n\n\n<p>que en el cielo hay arcoiris,<\/p>\n\n\n\n<p>que los r\u00edos siguen su curso,<\/p>\n\n\n\n<p>los peces siguen nadando,<\/p>\n\n\n\n<p>nuestras calles nos esperan,<\/p>\n\n\n\n<p>el bosque extra\u00f1a las voces<\/p>\n\n\n\n<p>de las familias viviendo,<\/p>\n\n\n\n<p>que el viento anda preguntando<\/p>\n\n\n\n<p>por los ni\u00f1os que le cantan<\/p>\n\n\n\n<p>y las aves vuelan locas<\/p>\n\n\n\n<p>de escuchar tanto silencio\u2026&nbsp;<\/p>\n\n\n\n<p>Como voz del tiempo eterno<\/p>\n\n\n\n<p>suenan monedas de plata,<\/p>\n\n\n\n<p>los consejos de esperanza;<\/p>\n\n\n\n<p>&#8220;ma\u00f1ana ser\u00e1 otro d\u00eda&#8221;,&nbsp;<\/p>\n\n\n\n<p>con canciones y huapangos,<\/p>\n\n\n\n<p>las campanas de alegr\u00eda&nbsp;<\/p>\n\n\n\n<p>repicando en las iglesias,<\/p>\n\n\n\n<p>los abrazos y las risas,<\/p>\n\n\n\n<p>y tiraremos las llaves<\/p>\n\n\n\n<p>de este encierro que nos ciega&nbsp;<\/p>\n\n\n\n<p>en el fondo del olvido<\/p>\n\n\n\n<p>para reiniciar la marcha,<\/p>\n\n\n\n<p>otra vez las manos juntas,<\/p>\n\n\n\n<p>el hombro junto al hermano,<\/p>\n\n\n\n<p>los ojos de nuestros hijos:<\/p>\n\n\n\n<p>br\u00fajulas de nuestros pasos,<\/p>\n\n\n\n<p>y el amor de la esposa,<\/p>\n\n\n\n<p>guerrera de fe y de sue\u00f1os.<\/p>\n\n\n\n<p>Y al frente de la marcha<\/p>\n\n\n\n<p>un pescador de los siglos,<\/p>\n\n\n\n<p>siempre cerca siempre junto,<\/p>\n\n\n\n<p>bendiciendo a los enfermos<\/p>\n\n\n\n<p>en hospitales de llanto,<\/p>\n\n\n\n<p>consolando a los que extra\u00f1an,&nbsp;<\/p>\n\n\n\n<p>abrazando a los que sufren,<\/p>\n\n\n\n<p>velando por nuestras casas<\/p>\n\n\n\n<p>y llorando con las madres<\/p>\n\n\n\n<p>que despiden a sus hijos\u2026&nbsp;<\/p>\n\n\n\n<p>Ma\u00f1ana ser\u00e1 otro d\u00eda&nbsp;<\/p>\n\n\n\n<p>y amanecer\u00e1 la vida\u2026&nbsp;<\/p>\n\n\n\n<p>Ma\u00f1ana ser\u00e1 otro d\u00eda,&nbsp;<\/p>\n\n\n\n<p>ma\u00f1ana\u2026&nbsp;<\/p>\n","protected":false},"excerpt":{"rendered":"<p>MA\u00d1ANA SER\u00c1 OTRO D\u00cdA&nbsp; \u201cMa\u00f1ana ser\u00e1 otro d\u00eda\u201d, me dec\u00eda mi santa madre.&nbsp; \u201cMa\u00f1ana ser\u00e1 otro d\u00eda\u201d,&nbsp; me dec\u00eda mi padre fuerte cuando la lluvia golpeaba, cuando algo nos dol\u00eda,&nbsp; y yo miraba el ma\u00f1ana como el sol de la alegr\u00eda, como respuesta milagro a las penas y los llantos, a redes de peces llenas, [&hellip;]<\/p>\n","protected":false},"author":83,"featured_media":0,"comment_status":"closed","ping_status":"open","sticky":false,"template":"","format":"standard","meta":{"footnotes":""},"categories":[48,42],"tags":[],"class_list":["post-154233","post","type-post","status-publish","format-standard","hentry","category-adalberto-peralta","category-nuestrapalabra"],"_links":{"self":[{"href":"https:\/\/plazajuarez.mx\/historico\/wp-json\/wp\/v2\/posts\/154233","targetHints":{"allow":["GET"]}}],"collection":[{"href":"https:\/\/plazajuarez.mx\/historico\/wp-json\/wp\/v2\/posts"}],"about":[{"href":"https:\/\/plazajuarez.mx\/historico\/wp-json\/wp\/v2\/types\/post"}],"author":[{"embeddable":true,"href":"https:\/\/plazajuarez.mx\/historico\/wp-json\/wp\/v2\/users\/83"}],"replies":[{"embeddable":true,"href":"https:\/\/plazajuarez.mx\/historico\/wp-json\/wp\/v2\/comments?post=154233"}],"version-history":[{"count":0,"href":"https:\/\/plazajuarez.mx\/historico\/wp-json\/wp\/v2\/posts\/154233\/revisions"}],"wp:attachment":[{"href":"https:\/\/plazajuarez.mx\/historico\/wp-json\/wp\/v2\/media?parent=154233"}],"wp:term":[{"taxonomy":"category","embeddable":true,"href":"https:\/\/plazajuarez.mx\/historico\/wp-json\/wp\/v2\/categories?post=154233"},{"taxonomy":"post_tag","embeddable":true,"href":"https:\/\/plazajuarez.mx\/historico\/wp-json\/wp\/v2\/tags?post=154233"}],"curies":[{"name":"wp","href":"https:\/\/api.w.org\/{rel}","templated":true}]}}