{"id":15411,"date":"2016-01-04T11:52:09","date_gmt":"2016-01-04T11:52:09","guid":{"rendered":"http:\/\/plazajuarez.mx\/index\/index.php\/2016\/01\/04\/los-marcianos-llegaron-ya\/"},"modified":"2020-04-14T22:33:56","modified_gmt":"2020-04-14T22:33:56","slug":"los-marcianos-llegaron-ya","status":"publish","type":"post","link":"https:\/\/plazajuarez.mx\/historico\/los-marcianos-llegaron-ya\/","title":{"rendered":"Los marcianos llegaron ya\u2026"},"content":{"rendered":"<p>PULSO DEL MEZQUITAL<\/p>\n<p>  <!--more-->  <\/p>\n<p>\u00a0<\/p>\n<p>Alguien le est\u00e1 dando baje con la chamba a Jaime Maussan y no es precisamente un cient\u00edfico probado en la NASA o de la UNAM, sino un pol\u00edtico (para acabarla surgido del PAN), qui\u00e9n le ha dado por las supersticiones, mirando hasta el infinito y m\u00e1s all\u00e1, publicando videos de supuestas apariciones de objetos voladores no identificados, es decir OVNIS, en tierras hidalguenses, como una especie de premoniciones de que los marcianos quieren invadir este territorio.<\/p>\n<p>Resulta que el exdiputado del PAN por Zimap\u00e1n, Erick Marte Rivera Villanueva, public\u00f3 en su cuenta de Facebook, una nota sobre la aparici\u00f3n de un OVNI en ciudad Sahag\u00fan; en realidad la publicaci\u00f3n tiene un doble sentido, como siempre en el fondo se esconde el diablo, no es que nos est\u00e9 echando albures. \u201cLa energ\u00eda de Marte llega a Hidalgo\u201d reza la publicaci\u00f3n del pol\u00edtico, para que me entienda, cuando habla de energ\u00eda, significa la fuerza, los mantras, la buena vibra, suya de \u00e9l, no de los marcianos, sino de Marte que es su segundo nombre.<\/p>\n<p>La invasi\u00f3n marciana avanza seg\u00fan \u00e9l y sus encuestas, donde lo ubican dentro de las preferencias electorales a encabezar la candidatura del PAN por Hidalgo, incluso por encima del cantante Francisco Xavier, a qui\u00e9n por cierto la realeza pitufa le rog\u00f3 de favor que no se registrara como independiente por la gubernatura, pues lo quer\u00edan como su abanderado. Tan mal deben estar las cosas, que medios de comunicaci\u00f3n y agencias de noticias, tuvieron que deslindarse de supuestas encuestas realizadas, en las que \u00e9l sal\u00eda vencedor, que se utilizaban a manera de publicidad a trav\u00e9s de mensajes de texto enviados a n\u00fameros m\u00f3viles, que aunque en su momento desconoci\u00f3 el origen, acept\u00f3 que la informaci\u00f3n era efectiva.<\/p>\n<p>A partir de ah\u00ed, no es que nos guste el chisme o nos entretenga, pero en su cuenta de Facebook, lo mismo ha publicado apariciones de marcianos, el significado del desorden, hasta denuncias de que Hidalgo se encuentra en el polo de la pobreza, desigualdad, injusticia, que es un territorio en el cual mientras unos se quejan otros no amanecen. No es que est\u00e9 mintiendo, pero de ah\u00ed a que \u00e9l, sea el cambio, dista mucho. Habr\u00eda que recordarle que durante su gesti\u00f3n como legislador, adem\u00e1s de las grandes reformas, tambi\u00e9n aprob\u00f3 nuevos impuestos, como las whiskas para nuestros mininos o las croquetas del solovino, haciendo que la perrera doble turnos, por no darse abasto a recoger tanto gato y perro callejero.<\/p>\n<p>Otro que por cierto pareciera haber sido tocado por los marcianos, es el presidente municipal de Nicol\u00e1s Flores, Einar Torres, quien animado por esta corriente musical del movimiento alterado, en la que se enaltecen a delincuentes a nivel de h\u00e9roes, tambi\u00e9n se mand\u00f3 hacer un corrido al puro estilo huasteco ranchero. En tiempos de la revoluci\u00f3n, los corridos eran peri\u00f3dicos a la antig\u00fcita, se escrib\u00edan historias de hombres y mujeres que luchaban por la tierra, contra la pobreza o al mal gobierno.<\/p>\n<p>No est\u00e1 mal que se haya mandado hacer una canci\u00f3n, si consideramos que su municipio es considerado el m\u00e1s pobre de Hidalgo, es decir, que el acceso a la educaci\u00f3n es precario, ahora lo entendemos, si la gente no sabe leer, hay que educarlos con m\u00fasica. Lo chido del corrido, es que enaltece sus triunfos, logros y acciones a favor de su querido pueblo, \u00a1no\u00b4mbre que va! Como si fuera una gracia nom\u00e1s habla de que cuando anda alegre le gusta echarse unas fr\u00edas y para amenizar el momento zapatea m\u00fasica huasteca.<\/p>\n<p>\u00a0<\/p>\n<p>En corto:<\/p>\n<p>\u00a0<\/p>\n<p>* Quiero expresar mi pesar a los familiares y amigos, del profesor, Jos\u00e9 Zenil M\u00e1rquez, quien falleci\u00f3 la semana pasada. Fue considerado uno de los opositores m\u00e1s ac\u00e9rrimos al sistema pol\u00edtico actual, desconfiado de los partidos y defensor de la educaci\u00f3n p\u00fablica, adem\u00e1s lector fiel y cr\u00edtico de este espacio.<\/p>\n<p><strong>\u00a0<\/strong><\/p>\n<p><strong>S\u00edgame en twitter<\/strong><\/p>\n<p>@angel_malvado<\/p>\n<p><strong>Mi correo<\/strong><\/p>\n<p>markorey2013@gmail.com<\/p>\n<p>\u00a0<\/p>\n<p>\u00a0<\/p>\n","protected":false},"excerpt":{"rendered":"<p>PULSO DEL MEZQUITAL<\/p>\n","protected":false},"author":75,"featured_media":0,"comment_status":"open","ping_status":"open","sticky":false,"template":"","format":"standard","meta":{"footnotes":""},"categories":[87,42],"tags":[],"class_list":["post-15411","post","type-post","status-publish","format-standard","hentry","category-marco-cabanas","category-nuestrapalabra"],"_links":{"self":[{"href":"https:\/\/plazajuarez.mx\/historico\/wp-json\/wp\/v2\/posts\/15411","targetHints":{"allow":["GET"]}}],"collection":[{"href":"https:\/\/plazajuarez.mx\/historico\/wp-json\/wp\/v2\/posts"}],"about":[{"href":"https:\/\/plazajuarez.mx\/historico\/wp-json\/wp\/v2\/types\/post"}],"author":[{"embeddable":true,"href":"https:\/\/plazajuarez.mx\/historico\/wp-json\/wp\/v2\/users\/75"}],"replies":[{"embeddable":true,"href":"https:\/\/plazajuarez.mx\/historico\/wp-json\/wp\/v2\/comments?post=15411"}],"version-history":[{"count":0,"href":"https:\/\/plazajuarez.mx\/historico\/wp-json\/wp\/v2\/posts\/15411\/revisions"}],"wp:attachment":[{"href":"https:\/\/plazajuarez.mx\/historico\/wp-json\/wp\/v2\/media?parent=15411"}],"wp:term":[{"taxonomy":"category","embeddable":true,"href":"https:\/\/plazajuarez.mx\/historico\/wp-json\/wp\/v2\/categories?post=15411"},{"taxonomy":"post_tag","embeddable":true,"href":"https:\/\/plazajuarez.mx\/historico\/wp-json\/wp\/v2\/tags?post=15411"}],"curies":[{"name":"wp","href":"https:\/\/api.w.org\/{rel}","templated":true}]}}