{"id":15410,"date":"2016-01-04T11:52:06","date_gmt":"2016-01-04T11:52:06","guid":{"rendered":"http:\/\/plazajuarez.mx\/index\/index.php\/2016\/01\/04\/la-primera-batalla-electoral-de-2016\/"},"modified":"2016-01-04T11:52:06","modified_gmt":"2016-01-04T11:52:06","slug":"la-primera-batalla-electoral-de-2016","status":"publish","type":"post","link":"https:\/\/plazajuarez.mx\/historico\/la-primera-batalla-electoral-de-2016\/","title":{"rendered":"La primera batalla electoral de 2016"},"content":{"rendered":"<p>Bajo Reserva Expr\u00e9s\u00a0\u00a0 \u00a0<\/p>\n<p>  <!--more-->  <\/p>\n<p>Diez d\u00edas quedan de campa\u00f1as pol\u00edticas en Colima y tanto en el PRI como en el PAN pronostican que el ambiente \u200ese pondr\u00e1 candente en los primeros d\u00edas de este nuevo a\u00f1o. <br \/>A la guerra de spots y quejas electorales el PAN sum\u00f3 la primer v\u00eddeo denuncia el s\u00e1bado, y se espera que se radicalicen las acusaciones entre candidatos. <br \/>Nos hacen notar que el Instituto Nacional Electoral, que preside Lorenzo C\u00f3rdova, al parecer tiene el mismo pron\u00f3stico que los partidos pues los consejeros del INE han viajado de manera intermitente al estado, y nos adelantan que planean otra ronda de viajes a la entidad para dar garant\u00edas. <br \/>Colima ser\u00e1 la primera elecci\u00f3n del a\u00f1o y la primera que el INE organiza para gobernador, por lo que no puede dejar ning\u00fan cabo suelto. <br \/>Colima ser\u00e1 la primera batalla de una guerra electoral en la que estar\u00e1n en juego otras 12 gubernaturas m\u00e1s en 2016. \u00a0\u00a0 \u00a0\u00a0\u00a0 \u00a0<\/p>\n","protected":false},"excerpt":{"rendered":"<p>Bajo Reserva Expr\u00e9s\u00a0\u00a0 \u00a0<\/p>\n","protected":false},"author":93,"featured_media":0,"comment_status":"open","ping_status":"open","sticky":false,"template":"","format":"standard","meta":{"footnotes":""},"categories":[42],"tags":[],"class_list":["post-15410","post","type-post","status-publish","format-standard","hentry","category-nuestrapalabra"],"_links":{"self":[{"href":"https:\/\/plazajuarez.mx\/historico\/wp-json\/wp\/v2\/posts\/15410","targetHints":{"allow":["GET"]}}],"collection":[{"href":"https:\/\/plazajuarez.mx\/historico\/wp-json\/wp\/v2\/posts"}],"about":[{"href":"https:\/\/plazajuarez.mx\/historico\/wp-json\/wp\/v2\/types\/post"}],"author":[{"embeddable":true,"href":"https:\/\/plazajuarez.mx\/historico\/wp-json\/wp\/v2\/users\/93"}],"replies":[{"embeddable":true,"href":"https:\/\/plazajuarez.mx\/historico\/wp-json\/wp\/v2\/comments?post=15410"}],"version-history":[{"count":0,"href":"https:\/\/plazajuarez.mx\/historico\/wp-json\/wp\/v2\/posts\/15410\/revisions"}],"wp:attachment":[{"href":"https:\/\/plazajuarez.mx\/historico\/wp-json\/wp\/v2\/media?parent=15410"}],"wp:term":[{"taxonomy":"category","embeddable":true,"href":"https:\/\/plazajuarez.mx\/historico\/wp-json\/wp\/v2\/categories?post=15410"},{"taxonomy":"post_tag","embeddable":true,"href":"https:\/\/plazajuarez.mx\/historico\/wp-json\/wp\/v2\/tags?post=15410"}],"curies":[{"name":"wp","href":"https:\/\/api.w.org\/{rel}","templated":true}]}}