{"id":154062,"date":"2021-02-25T06:00:00","date_gmt":"2021-02-25T12:00:00","guid":{"rendered":"https:\/\/plazajuarez.mx\/?p=154062"},"modified":"2021-02-24T23:38:23","modified_gmt":"2021-02-25T05:38:23","slug":"hubo-repunte-discreto-de-contagios-y-defunciones-por-covid-19","status":"publish","type":"post","link":"https:\/\/plazajuarez.mx\/historico\/hubo-repunte-discreto-de-contagios-y-defunciones-por-covid-19\/","title":{"rendered":"Hubo repunte discreto de contagios y defunciones por Covid-19"},"content":{"rendered":"\n<p>El titular de la Secretar\u00eda de Salud de Hidalgo (SSH) Efra\u00edn Ben\u00edtez Herrera, inform\u00f3 que hubo un repunte discreto en la cantidad de casos activos, positivos y defunciones derivado de la movilidad con motivo del festejo del 14 de febrero.<\/p>\n\n\n\n<p>En conferencia de prensa dijo: \u201cel 14 de febrero fue otro d\u00eda festivo, desgraciadamente la poblaci\u00f3n desoye las recomendaciones y fue motivo para salir a las calles, gener\u00f3 problemas que ahora se observan con un discreto repunte\u201d.<\/p>\n\n\n\n<p>Agreg\u00f3: \u201cen d\u00edas anteriores los casos activos se redujeron, los recuperados eran m\u00e1s, las defunciones se redujeron, as\u00ed como casos activos en domicilio, pero cumpli\u00e9ndose 14 d\u00edas de incubaci\u00f3n hubo un peque\u00f1o repunte\u2026 se debe al incremento en la movilidad y es lo que comenzamos a pagar por evitar recomendaciones\u201d.<\/p>\n\n\n\n<p>Ben\u00edtez Herrera detall\u00f3 que hasta el momento, 300 pacientes se encuentran hospitalizados, lo que refiere una ocupaci\u00f3n hospitalaria del 28 por ciento, es decir, que existe un 72 por ciento de disponibilidad.<\/p>\n\n\n\n<p>En tanto, sentenci\u00f3 que pese a estar en una fase de desaceleraci\u00f3n de la pandemia, no significa que est\u00e9 controlada, ya que dicha situaci\u00f3n ser\u00e1 confirmada cuando los municipios de Tizayuca, Tulancingo, Actopan, Pachuca y Mineral de la Reforma muestren control en contagios y defunciones.<\/p>\n\n\n\n<p>Respecto al tema de vacunaci\u00f3n, manifest\u00f3 que en esta semana lleg\u00f3 un lote de 10 mil 750 vacunas de la marca Pfizer, mismas que fueron distribuidas as\u00ed: 2 mil 925 en Atitalaquia; mil 945 para segundas dosis y 5 mil 825 para la primera dosis de personal de salud restante.<\/p>\n\n\n\n<p>Por lo anterior refiri\u00f3, que ante el avance en la aplicaci\u00f3n de la vacuna contra Covid-19, para finales de diciembre del presente a\u00f1o, la poblaci\u00f3n hidalguense habr\u00e1 sido inmunizada contra la enfermedad.<\/p>\n","protected":false},"excerpt":{"rendered":"<p>El titular de la Secretar\u00eda de Salud de Hidalgo (SSH) Efra\u00edn Ben\u00edtez Herrera, inform\u00f3 que hubo un repunte discreto en la cantidad de casos activos, positivos y defunciones derivado de la movilidad con motivo del festejo del 14 de febrero. En conferencia de prensa dijo: \u201cel 14 de febrero fue otro d\u00eda festivo, desgraciadamente la [&hellip;]<\/p>\n","protected":false},"author":73,"featured_media":154075,"comment_status":"closed","ping_status":"open","sticky":false,"template":"","format":"standard","meta":{"footnotes":""},"categories":[15,59],"tags":[],"class_list":["post-154062","post","type-post","status-publish","format-standard","has-post-thumbnail","hentry","category-destacadas","category-general"],"_links":{"self":[{"href":"https:\/\/plazajuarez.mx\/historico\/wp-json\/wp\/v2\/posts\/154062","targetHints":{"allow":["GET"]}}],"collection":[{"href":"https:\/\/plazajuarez.mx\/historico\/wp-json\/wp\/v2\/posts"}],"about":[{"href":"https:\/\/plazajuarez.mx\/historico\/wp-json\/wp\/v2\/types\/post"}],"author":[{"embeddable":true,"href":"https:\/\/plazajuarez.mx\/historico\/wp-json\/wp\/v2\/users\/73"}],"replies":[{"embeddable":true,"href":"https:\/\/plazajuarez.mx\/historico\/wp-json\/wp\/v2\/comments?post=154062"}],"version-history":[{"count":0,"href":"https:\/\/plazajuarez.mx\/historico\/wp-json\/wp\/v2\/posts\/154062\/revisions"}],"wp:featuredmedia":[{"embeddable":true,"href":"https:\/\/plazajuarez.mx\/historico\/wp-json\/wp\/v2\/media\/154075"}],"wp:attachment":[{"href":"https:\/\/plazajuarez.mx\/historico\/wp-json\/wp\/v2\/media?parent=154062"}],"wp:term":[{"taxonomy":"category","embeddable":true,"href":"https:\/\/plazajuarez.mx\/historico\/wp-json\/wp\/v2\/categories?post=154062"},{"taxonomy":"post_tag","embeddable":true,"href":"https:\/\/plazajuarez.mx\/historico\/wp-json\/wp\/v2\/tags?post=154062"}],"curies":[{"name":"wp","href":"https:\/\/api.w.org\/{rel}","templated":true}]}}