{"id":15405,"date":"2016-01-04T11:48:11","date_gmt":"2016-01-04T11:48:11","guid":{"rendered":"http:\/\/plazajuarez.mx\/index\/index.php\/2016\/01\/04\/unidos-contra-el-crimen\/"},"modified":"2016-01-04T11:48:11","modified_gmt":"2016-01-04T11:48:11","slug":"unidos-contra-el-crimen","status":"publish","type":"post","link":"https:\/\/plazajuarez.mx\/historico\/unidos-contra-el-crimen\/","title":{"rendered":"Unidos contra el crimen"},"content":{"rendered":"<p>Vitral Pol\u00edtico\u00a0\u00a0 \u00a0 <\/p>\n<p>  <!--more-->  <\/p>\n<p>La paz p\u00fablica perdida en regiones del pa\u00eds por la presencia del crimen organizado, as\u00ed como la corrosi\u00f3n de la vida comunitaria a costa de la delincuencia com\u00fan en todo el territorio nacional, forman un escenario del que cruzan acusaciones las fuerzas pol\u00edticas, cuando tienen responsabilidad compartida por el gran fracaso que es la violencia. <br \/>De la noche infernal de Iguala, a las iniciativas en materia de seguridad y justicia del presidente Enrique Pe\u00f1a Nieto (congeladas en el Congreso), y hasta el asesinato de la alcaldesa de Temixco, Morelos, Gisela Raquel Mota Ocampo (PRD), el pasado 2 de enero, se forma un periodo de la vida pol\u00edtica y social mexicana tiznado por confrontaciones. <br \/>El ganador de la dispersi\u00f3n de voluntades, desde luego, es el crimen, que en sus distintas expresiones se apodera de regiones, de instituciones locales y estatales, se infiltra en las esferas federales, y marca su huella de terror en homicidios en masacre o hasta en el interior de la casa de las v\u00edctimas, como ocurri\u00f3 con la ex diputada federal perredista Mota Ocampo, un d\u00eda despu\u00e9s de que asumi\u00f3 el cargo de presidenta municipal. <br \/>Mientras haya c\u00e1lculos pol\u00edticos para que transiten por el Congreso las necesarias reformas en materia de seguridad y justicia, tendr\u00e1 que esperar tiempos mejores la disponibilidad de instrumentos para combatir al crimen. <br \/>La perredista Gisela Raquel Mota Ocampo fue asesinada un d\u00eda despu\u00e9s de asumir el cargo de alcaldesa, en un territorio dominado por un grupo de delincuentes, \u201cLos Rojos\u201d, protagonistas, como se recordar\u00e1, de los hechos de Iguala y Cocula, Guerrero, en los que desaparecieron estudiantes de la Normal Rural de Ayotzinapa. <br \/>\u00bfQu\u00e9 es primero: acusar al gobernador de Morelos, Graco Ram\u00edrez (PRD), de las condiciones de inseguridad en el estado; responsabilizar a la estrategia de seguridad p\u00fablica federal; reprochar a la PGR lentitud en atraer la investigaci\u00f3n del caso; denunciar el incumplimiento de las prioridades de legislar en la materia por parte de los grupos parlamentarios en las C\u00e1maras de Diputados y Senadores? <br \/>Desde 2006, los protagonistas pol\u00edticos han cruzado acusaciones en confrontaciones en las cuales se han visto se\u00f1aladas las fuerzas armadas. Pese a la guerra y la persecuci\u00f3n del crimen, este enemigo com\u00fan ha avanzado en sus negocios y se han fugado de prisi\u00f3n decenas de cabecillas y sicarios. <br \/>Es debido considerar que s\u00f3lo unidos contra el crimen ser\u00e1 posible abatir la violencia, la inseguridad, llevar ante la justicia a quienes hayan delinquido y poner las bases de una paz y tranquilidad p\u00fablicas que en la disputa es imposible. <br \/>Mientras, asesinada Gisela Raquel Mota Ocampo, \u00bfqui\u00e9n sigue?&#8230; <br \/>CONTRASTE.\u2014 Las elecci\u00f3n de 13 gubernaturas enfrentar\u00e1 al PRI (m\u00e1s el PVEM y eventualmente Nueva Alianza) contra la formaci\u00f3n en alianza del PAN y PRD, en lo que ser\u00e1 una segunda generaci\u00f3n de impulso de frentes electorales. Hace seis a\u00f1os, la alianza del agua y el aceite gan\u00f3 Sinaloa (Mario L\u00f3pez Vald\u00e9s), Puebla (Rafael Moreno Valle) y Oaxaca (Gabino Cu\u00e9). Hoy negocian sumar fuerzas para enfrentar al mismo oponente en reconocimiento impl\u00edcito de que no han podido crecer&#8230; <br \/>OSCURIDAD.\u2014 Cumplidos 22 a\u00f1os de la irrupci\u00f3n del Ej\u00e9rcito Zapatista de Liberaci\u00f3n Nacional (EZLN), hasta la efem\u00e9ride pas\u00f3 de noche. De hecho, hace a\u00f1os que ese movimiento y sus emblemas fueron abandonados por adeptos que trasladaron su amor &#8220;incondicional&#8221; a otras causas&#8230; <br \/>VITRAL SOCIAL.\u2014 El 066 atiende llamadas de auxilio a Polic\u00eda, ambulancias, bomberos, Protecci\u00f3n Civil y Ej\u00e9rcito&#8230; \u00a0\u00a0 \u00a0\u00a0\u00a0 \u00a0<\/p>\n","protected":false},"excerpt":{"rendered":"<p>Vitral Pol\u00edtico\u00a0\u00a0 \u00a0<\/p>\n","protected":false},"author":93,"featured_media":0,"comment_status":"open","ping_status":"open","sticky":false,"template":"","format":"standard","meta":{"footnotes":""},"categories":[42],"tags":[],"class_list":["post-15405","post","type-post","status-publish","format-standard","hentry","category-nuestrapalabra"],"_links":{"self":[{"href":"https:\/\/plazajuarez.mx\/historico\/wp-json\/wp\/v2\/posts\/15405","targetHints":{"allow":["GET"]}}],"collection":[{"href":"https:\/\/plazajuarez.mx\/historico\/wp-json\/wp\/v2\/posts"}],"about":[{"href":"https:\/\/plazajuarez.mx\/historico\/wp-json\/wp\/v2\/types\/post"}],"author":[{"embeddable":true,"href":"https:\/\/plazajuarez.mx\/historico\/wp-json\/wp\/v2\/users\/93"}],"replies":[{"embeddable":true,"href":"https:\/\/plazajuarez.mx\/historico\/wp-json\/wp\/v2\/comments?post=15405"}],"version-history":[{"count":0,"href":"https:\/\/plazajuarez.mx\/historico\/wp-json\/wp\/v2\/posts\/15405\/revisions"}],"wp:attachment":[{"href":"https:\/\/plazajuarez.mx\/historico\/wp-json\/wp\/v2\/media?parent=15405"}],"wp:term":[{"taxonomy":"category","embeddable":true,"href":"https:\/\/plazajuarez.mx\/historico\/wp-json\/wp\/v2\/categories?post=15405"},{"taxonomy":"post_tag","embeddable":true,"href":"https:\/\/plazajuarez.mx\/historico\/wp-json\/wp\/v2\/tags?post=15405"}],"curies":[{"name":"wp","href":"https:\/\/api.w.org\/{rel}","templated":true}]}}