{"id":15402,"date":"2016-01-04T11:48:31","date_gmt":"2016-01-04T11:48:31","guid":{"rendered":"http:\/\/plazajuarez.mx\/index\/index.php\/2016\/01\/04\/juego-de-tronos-adelantara-al-libro\/"},"modified":"2016-01-04T11:48:31","modified_gmt":"2016-01-04T11:48:31","slug":"juego-de-tronos-adelantara-al-libro","status":"publish","type":"post","link":"https:\/\/plazajuarez.mx\/historico\/juego-de-tronos-adelantara-al-libro\/","title":{"rendered":"\u00abJuego de tronos\u00bb adelantar\u00e1 al libro"},"content":{"rendered":"<p>El autor de \u00abJuego de Tronos\u00bb, George R.R. Martin, ha anunciado que vuelve a posponer la fecha de publicaci\u00f3n de \u00abVientos de invierno\u00bb, la sexta novela de la saga literaria \u00abCanci\u00f3n de hielo y fuego\u00bb que inspira la serie Juego de tronos. As\u00ed lo ha confirmado el propio autor a trav\u00e9s de su blog personal, por lo que la ficci\u00f3n televisiva, que emitir\u00e1 HBO a mediados del pr\u00f3ximo mes de abril, adelantar\u00e1 a las novelas.<\/p>\n<p>  <!--more-->  <\/p>\n<p>\u00a0<\/p>\n<p>Tras posponer en varias ocasiones la fecha de publicaci\u00f3n, Martin ha asegurado que desconoce cu\u00e1ndo podr\u00e1 salir a la venta el libro: \u00abtrabajo mal bajo presi\u00f3n. As\u00ed que no voy a fijar otra fecha l\u00edmite para tropezar de nuevo. Los plazos me estresan\u00bb.<\/p>\n","protected":false},"excerpt":{"rendered":"<p>El autor de \u00abJuego de Tronos\u00bb, George R.R. Martin, ha anunciado que vuelve a posponer la fecha de publicaci\u00f3n de \u00abVientos de invierno\u00bb, la sexta novela de la saga literaria \u00abCanci\u00f3n de hielo y fuego\u00bb que inspira la serie Juego de tronos. As\u00ed lo ha confirmado el propio autor a trav\u00e9s de su blog personal, [&hellip;]<\/p>\n","protected":false},"author":93,"featured_media":0,"comment_status":"open","ping_status":"open","sticky":false,"template":"","format":"standard","meta":{"footnotes":""},"categories":[41],"tags":[],"class_list":["post-15402","post","type-post","status-publish","format-standard","hentry","category-arteria-cultural"],"_links":{"self":[{"href":"https:\/\/plazajuarez.mx\/historico\/wp-json\/wp\/v2\/posts\/15402","targetHints":{"allow":["GET"]}}],"collection":[{"href":"https:\/\/plazajuarez.mx\/historico\/wp-json\/wp\/v2\/posts"}],"about":[{"href":"https:\/\/plazajuarez.mx\/historico\/wp-json\/wp\/v2\/types\/post"}],"author":[{"embeddable":true,"href":"https:\/\/plazajuarez.mx\/historico\/wp-json\/wp\/v2\/users\/93"}],"replies":[{"embeddable":true,"href":"https:\/\/plazajuarez.mx\/historico\/wp-json\/wp\/v2\/comments?post=15402"}],"version-history":[{"count":0,"href":"https:\/\/plazajuarez.mx\/historico\/wp-json\/wp\/v2\/posts\/15402\/revisions"}],"wp:attachment":[{"href":"https:\/\/plazajuarez.mx\/historico\/wp-json\/wp\/v2\/media?parent=15402"}],"wp:term":[{"taxonomy":"category","embeddable":true,"href":"https:\/\/plazajuarez.mx\/historico\/wp-json\/wp\/v2\/categories?post=15402"},{"taxonomy":"post_tag","embeddable":true,"href":"https:\/\/plazajuarez.mx\/historico\/wp-json\/wp\/v2\/tags?post=15402"}],"curies":[{"name":"wp","href":"https:\/\/api.w.org\/{rel}","templated":true}]}}