{"id":15399,"date":"2016-01-04T11:46:19","date_gmt":"2016-01-04T11:46:19","guid":{"rendered":"http:\/\/plazajuarez.mx\/index\/index.php\/2016\/01\/04\/perroni-se-despide-de-la-tv\/"},"modified":"2016-01-04T11:46:19","modified_gmt":"2016-01-04T11:46:19","slug":"perroni-se-despide-de-la-tv","status":"publish","type":"post","link":"https:\/\/plazajuarez.mx\/historico\/perroni-se-despide-de-la-tv\/","title":{"rendered":"Perroni se \u201cdespide\u201d de la TV"},"content":{"rendered":"<p>Aunque con los a\u00f1os se ha convertido en una de las protagonistas favoritas de la pantalla chica despu\u00e9s de haberse dado a conocer con \u201cRebelde\u201d, Maite tiene planes de enfocarse en otra faceta de su carrera<\/p>\n<p>  <!--more-->  <\/p>\n<p>\u00a0<\/p>\n<p>En los \u00faltimos meses la actriz y cantante Maite Perroni ha disfrutado el \u00e9xito a trav\u00e9s de la telenovela \u201cAntes muerta que Lichita\u201d, pero parece que los pr\u00f3ximos meses los pasar\u00e1 lejos de los foros de televisi\u00f3n.<\/p>\n<p>Aunque con los a\u00f1os se ha convertido en una de las protagonistas favoritas de la pantalla chica despu\u00e9s de haberse dado a conocer con \u201cRebelde\u201d, Maite tiene planes de enfocarse en otra faceta de su carrera.<\/p>\n<p>\u201cEste a\u00f1o que empieza estoy arrancando el primer trimestre con mi m\u00fasica y le dar\u00e9 continuidad todo el a\u00f1o. As\u00ed que este 2016 estar\u00e9 fuera de los foros de televisi\u00f3n\u201d, comparti\u00f3 a Televisa Espect\u00e1culos.<\/p>\n<p>Aunque Maite ha terminado su participaci\u00f3n en la telenovela, sus seguidores podr\u00e1n seguir disfrutando de su actuaci\u00f3n como la simp\u00e1tica \u201cLichita\u201d por algunas semanas m\u00e1s mientras Maite comienza a poner miras en seguir trabajando en su carrera como cantante.<\/p>\n<p>Con un poco de nostalgia por dejar los foros aunque sea por unos meses, hace una semana Maite se despidi\u00f3 de su personaje y de la producci\u00f3n con un emotivo mensaje.<\/p>\n<p>Y entre los agradecimientos, no pod\u00eda faltar el que hizo a su novio: \u201cKoko Stambuk gracias por acompa\u00f1arme en mi vuelo, por ser mi c\u00f3mplice, por ser mi aliado y motivarme cada d\u00eda m\u00e1s. Te amo. Gracias por las flores tan hermosas y estar conmigo en mi \u00faltima escena y por la foto de esta historia que se queda en mi coraz\u00f3n tatuada para siempre\u201d, escribi\u00f3 la cantante en su red social.<\/p>\n<p>Aunque no todo ha sido trabajo, Maite ha aprovechado los d\u00edas de descanso para poder disfrutar de su familia, a quienes gustosa ha presumido a trav\u00e9s de sus redes sociales. Entre ellos, ha sido su abuela quien se ha convertido en la protagonista de sus publicaciones, llam\u00e1ndola \u201cmi amor eterno\u201d.<\/p>\n","protected":false},"excerpt":{"rendered":"<p>Aunque con los a\u00f1os se ha convertido en una de las protagonistas favoritas de la pantalla chica despu\u00e9s de haberse dado a conocer con \u201cRebelde\u201d, Maite tiene planes de enfocarse en otra faceta de su carrera<\/p>\n","protected":false},"author":93,"featured_media":0,"comment_status":"open","ping_status":"open","sticky":false,"template":"","format":"standard","meta":{"footnotes":""},"categories":[38],"tags":[],"class_list":["post-15399","post","type-post","status-publish","format-standard","hentry","category-show"],"_links":{"self":[{"href":"https:\/\/plazajuarez.mx\/historico\/wp-json\/wp\/v2\/posts\/15399","targetHints":{"allow":["GET"]}}],"collection":[{"href":"https:\/\/plazajuarez.mx\/historico\/wp-json\/wp\/v2\/posts"}],"about":[{"href":"https:\/\/plazajuarez.mx\/historico\/wp-json\/wp\/v2\/types\/post"}],"author":[{"embeddable":true,"href":"https:\/\/plazajuarez.mx\/historico\/wp-json\/wp\/v2\/users\/93"}],"replies":[{"embeddable":true,"href":"https:\/\/plazajuarez.mx\/historico\/wp-json\/wp\/v2\/comments?post=15399"}],"version-history":[{"count":0,"href":"https:\/\/plazajuarez.mx\/historico\/wp-json\/wp\/v2\/posts\/15399\/revisions"}],"wp:attachment":[{"href":"https:\/\/plazajuarez.mx\/historico\/wp-json\/wp\/v2\/media?parent=15399"}],"wp:term":[{"taxonomy":"category","embeddable":true,"href":"https:\/\/plazajuarez.mx\/historico\/wp-json\/wp\/v2\/categories?post=15399"},{"taxonomy":"post_tag","embeddable":true,"href":"https:\/\/plazajuarez.mx\/historico\/wp-json\/wp\/v2\/tags?post=15399"}],"curies":[{"name":"wp","href":"https:\/\/api.w.org\/{rel}","templated":true}]}}