{"id":153975,"date":"2021-02-24T10:06:09","date_gmt":"2021-02-24T16:06:09","guid":{"rendered":"https:\/\/plazajuarez.mx\/?p=153975"},"modified":"2021-02-24T10:06:27","modified_gmt":"2021-02-24T16:06:27","slug":"se-ponen-de-acuerdo-para-mejorar-la-imagen-de-tepeji-del-rio","status":"publish","type":"post","link":"https:\/\/plazajuarez.mx\/historico\/se-ponen-de-acuerdo-para-mejorar-la-imagen-de-tepeji-del-rio\/","title":{"rendered":"Se ponen de acuerdo para mejorar la imagen de Tepeji del R\u00edo"},"content":{"rendered":"\n<p><strong> Tepeji del R\u00edo<\/strong><\/p>\n\n\n\n<p>En Tepeji del R\u00edo, ciudadanos y administraci\u00f3n municipal trabajan de la mano para mejorar la imagen de las colonias y comunidades, haciendo de las calles y caminos lugares m\u00e1s limpios y ordenados.<\/p>\n\n\n\n<p>Es por ello que en coordinaci\u00f3n con autoridades auxiliares y &nbsp; vecinos, el alcalde, Salvador Jim\u00e9nez encabez\u00f3 la faena de limpieza de la carretera principal de la comunidad.<\/p>\n\n\n\n<p>Acompa\u00f1ado de integrantes de su gabinete, personal de la Comisi\u00f3n de Agua y el Sistema DIF municipal; realizaron la limpieza del camell\u00f3n central y de las \u00e1reas verdes de esta carretera que entronca con la autopista M\u00e9xico\u2013Quer\u00e9taro.<\/p>\n\n\n\n<p>El alcalde agradeci\u00f3 el acompa\u00f1amiento de su equipo de trabajo, y dijo que s\u00f3lo siendo emp\u00e1ticos con la ciudadan\u00eda y trabajando en unidad es como se logran grandes cambios.&nbsp;&nbsp;<\/p>\n\n\n\n<p>Afirm\u00f3 que para su administraci\u00f3n es de vital importancia el mantener el acercamiento con las colonias y comunidades.&nbsp;&nbsp;<\/p>\n\n\n\n<p>Aprovech\u00f3 el momento para reconocer la labor de los trabajadores de Servicios P\u00fablicos, quienes han redoblado esfuerzos para hacer de Tepeji un municipio m\u00e1s limpio. <\/p>\n","protected":false},"excerpt":{"rendered":"<p>Tepeji del R\u00edo En Tepeji del R\u00edo, ciudadanos y administraci\u00f3n municipal trabajan de la mano para mejorar la imagen de las colonias y comunidades, haciendo de las calles y caminos lugares m\u00e1s limpios y ordenados. Es por ello que en coordinaci\u00f3n con autoridades auxiliares y &nbsp; vecinos, el alcalde, Salvador Jim\u00e9nez encabez\u00f3 la faena de [&hellip;]<\/p>\n","protected":false},"author":93,"featured_media":153976,"comment_status":"closed","ping_status":"open","sticky":false,"template":"","format":"standard","meta":{"footnotes":""},"categories":[40],"tags":[],"class_list":["post-153975","post","type-post","status-publish","format-standard","has-post-thumbnail","hentry","category-region"],"_links":{"self":[{"href":"https:\/\/plazajuarez.mx\/historico\/wp-json\/wp\/v2\/posts\/153975","targetHints":{"allow":["GET"]}}],"collection":[{"href":"https:\/\/plazajuarez.mx\/historico\/wp-json\/wp\/v2\/posts"}],"about":[{"href":"https:\/\/plazajuarez.mx\/historico\/wp-json\/wp\/v2\/types\/post"}],"author":[{"embeddable":true,"href":"https:\/\/plazajuarez.mx\/historico\/wp-json\/wp\/v2\/users\/93"}],"replies":[{"embeddable":true,"href":"https:\/\/plazajuarez.mx\/historico\/wp-json\/wp\/v2\/comments?post=153975"}],"version-history":[{"count":0,"href":"https:\/\/plazajuarez.mx\/historico\/wp-json\/wp\/v2\/posts\/153975\/revisions"}],"wp:featuredmedia":[{"embeddable":true,"href":"https:\/\/plazajuarez.mx\/historico\/wp-json\/wp\/v2\/media\/153976"}],"wp:attachment":[{"href":"https:\/\/plazajuarez.mx\/historico\/wp-json\/wp\/v2\/media?parent=153975"}],"wp:term":[{"taxonomy":"category","embeddable":true,"href":"https:\/\/plazajuarez.mx\/historico\/wp-json\/wp\/v2\/categories?post=153975"},{"taxonomy":"post_tag","embeddable":true,"href":"https:\/\/plazajuarez.mx\/historico\/wp-json\/wp\/v2\/tags?post=153975"}],"curies":[{"name":"wp","href":"https:\/\/api.w.org\/{rel}","templated":true}]}}