{"id":15396,"date":"2016-01-04T11:44:36","date_gmt":"2016-01-04T11:44:36","guid":{"rendered":"http:\/\/plazajuarez.mx\/index\/index.php\/2016\/01\/04\/as-enfrentara-venganza-divina-por-ejecucion-de-clerigo\/"},"modified":"2016-01-04T11:44:36","modified_gmt":"2016-01-04T11:44:36","slug":"as-enfrentara-venganza-divina-por-ejecucion-de-clerigo","status":"publish","type":"post","link":"https:\/\/plazajuarez.mx\/historico\/as-enfrentara-venganza-divina-por-ejecucion-de-clerigo\/","title":{"rendered":"AS enfrentar\u00e1 venganza divina por ejecuci\u00f3n de cl\u00e9rigo"},"content":{"rendered":"<p>CALIFIC\u00d3 LA EJECUCI\u00d3N DE AL NIMR COMO UN \u201cERROR POL\u00cdTICO\u201d\u00a0 <br \/>El ayatol\u00e1 Ali Jamenei, augur\u00f3 una \u201cdivina venganza\u201d sobre los pol\u00edticos sauditas tras la ejecuci\u00f3n del cl\u00e9rigo chi\u00edta, Nimr Baqer al Nimr, cuya muerte caus\u00f3 la ira de esa comunidad del islam y protestas<\/p>\n<p>  <!--more-->  <\/p>\n<p>Teher\u00e1n.- El l\u00edder supremo de Ir\u00e1n, el ayatol\u00e1 Ali Jamenei, augur\u00f3 una \u201cdivina venganza\u201d sobre los pol\u00edticos sauditas tras la ejecuci\u00f3n del cl\u00e9rigo chi\u00edta, Nimr Baqer al Nimr, cuya muerte caus\u00f3 la ira de esa comunidad del islam y protestas en Teher\u00e1n.<br \/>\u201cSin ninguna duda, la sangre derramada de forma ilegal de este m\u00e1rtir inocente tendr\u00e1 un r\u00e1pido efecto y la divina venganza caer\u00e1 sobre los pol\u00edticos saud\u00edtas\u201d, advirti\u00f3 Jamenei durante el inicio de su curso a los cl\u00e9rigos en Teher\u00e1n.<br \/>Calific\u00f3 la ejecuci\u00f3n de Al Nimr como un \u201cerror pol\u00edtico\u201d de Arabia Saudita y asegur\u00f3 en que Dios no quedar\u00e1 indiferente ante la sangre de los inocentes y esta sangre injustamente derramada afligir\u00e1 con rapidez a los pol\u00edticos y altos cargos del r\u00e9gimen saudita\u201d.<br \/>Enfatiz\u00f3 en que el mundo entero debe actuar de forma responsable ante este y otros cr\u00edmenes cometidos por el r\u00e9gimen saudita en Yemen y Bahr\u00e9in.<br \/>El presidente iran\u00ed, Has\u00e1n Rohan\u00ed, conden\u00f3 la ejecuci\u00f3n del cl\u00e9rigo chi\u00edta que calific\u00f3 de \u201cinhumana\u201d, pero tambi\u00e9n pidi\u00f3 procesar a quienes atacaron la embajada saudita en Teher\u00e1n y el consulado en la ciudad de Mashhad, en el noreste del pa\u00eds.<br \/>\u201cLa acci\u00f3n protagonizada anoche por un grupo de radicales en Teher\u00e1n y Mashhad, que caus\u00f3 da\u00f1os en la embajada y el consulado sauditas, son totalmente injustificables\u201d, dijo.<br \/>Cientos de manifestantes iran\u00edes atacaron e incendiaron anoche la embajada saudita en Teher\u00e1n y el consulado en Mashhad en protesta por la ejecuci\u00f3n de Al Nimr, considerado uno de los l\u00edderes de la Primavera \u00c1rabe de 2011.<br \/>El fiscal de Teher\u00e1n, Abas Yafari Dolatabadi, inform\u00f3 que 40 personas fueron detenidas por el ataque a las sedes diplom\u00e1ticas sauditas, seg\u00fan la agencia iran\u00ed de noticias FARS.<br \/>\u201cHasta ahora, 40 personas que entraron en la embajada han sido identificadas y detenidas. La investigaci\u00f3n sigue su curso para identificar a los dem\u00e1s responsables de este incidente\u201d, declar\u00f3 el fiscal.<br \/>Los Emiratos Arabes Unidos (EAU) convocaron este domingo al embajador de Ir\u00e1n en este pa\u00eds del Golfo en protesta por la presunta interferencia de Teher\u00e1n en los asuntos internos de Arabia Saudita, as\u00ed como por los ataques contra las misiones diplom\u00e1ticas en Teher\u00e1n y Mashhad.<\/p>\n","protected":false},"excerpt":{"rendered":"<p>CALIFIC\u00d3 LA EJECUCI\u00d3N DE AL NIMR COMO UN \u201cERROR POL\u00cdTICO\u201d\u00a0 El ayatol\u00e1 Ali Jamenei, augur\u00f3 una \u201cdivina venganza\u201d sobre los pol\u00edticos sauditas tras la ejecuci\u00f3n del cl\u00e9rigo chi\u00edta, Nimr Baqer al Nimr, cuya muerte caus\u00f3 la ira de esa comunidad del islam y protestas<\/p>\n","protected":false},"author":93,"featured_media":0,"comment_status":"open","ping_status":"open","sticky":false,"template":"","format":"standard","meta":{"footnotes":""},"categories":[31],"tags":[],"class_list":["post-15396","post","type-post","status-publish","format-standard","hentry","category-orbe"],"_links":{"self":[{"href":"https:\/\/plazajuarez.mx\/historico\/wp-json\/wp\/v2\/posts\/15396","targetHints":{"allow":["GET"]}}],"collection":[{"href":"https:\/\/plazajuarez.mx\/historico\/wp-json\/wp\/v2\/posts"}],"about":[{"href":"https:\/\/plazajuarez.mx\/historico\/wp-json\/wp\/v2\/types\/post"}],"author":[{"embeddable":true,"href":"https:\/\/plazajuarez.mx\/historico\/wp-json\/wp\/v2\/users\/93"}],"replies":[{"embeddable":true,"href":"https:\/\/plazajuarez.mx\/historico\/wp-json\/wp\/v2\/comments?post=15396"}],"version-history":[{"count":0,"href":"https:\/\/plazajuarez.mx\/historico\/wp-json\/wp\/v2\/posts\/15396\/revisions"}],"wp:attachment":[{"href":"https:\/\/plazajuarez.mx\/historico\/wp-json\/wp\/v2\/media?parent=15396"}],"wp:term":[{"taxonomy":"category","embeddable":true,"href":"https:\/\/plazajuarez.mx\/historico\/wp-json\/wp\/v2\/categories?post=15396"},{"taxonomy":"post_tag","embeddable":true,"href":"https:\/\/plazajuarez.mx\/historico\/wp-json\/wp\/v2\/tags?post=15396"}],"curies":[{"name":"wp","href":"https:\/\/api.w.org\/{rel}","templated":true}]}}