{"id":153955,"date":"2021-02-24T09:40:00","date_gmt":"2021-02-24T15:40:00","guid":{"rendered":"https:\/\/plazajuarez.mx\/?p=153955"},"modified":"2021-02-24T23:06:41","modified_gmt":"2021-02-25T05:06:41","slug":"netanyahu-perfila-estrategia-israeli-ante-una-aproximacion-eu-iran","status":"publish","type":"post","link":"https:\/\/plazajuarez.mx\/historico\/netanyahu-perfila-estrategia-israeli-ante-una-aproximacion-eu-iran\/","title":{"rendered":"Netanyahu perfila estrategia israel\u00ed ante una aproximaci\u00f3n EU-Ir\u00e1n"},"content":{"rendered":"\n<p>Ir\u00e1n y el Organismo Internacional de Energ\u00eda At\u00f3mica cerraron el domingo un acuerdo interino de verificaci\u00f3n de su plan nuclear&nbsp;<\/p>\n\n\n\n<p>EFE.- El primer ministro de Israel, Benjam\u00edn Netanyahu, busca perfilar una estrategia conjunta de su Gobierno ante la posible reanudaci\u00f3n de negociaciones entre EU e Ir\u00e1n y la opci\u00f3n de que el dem\u00f3crata Joe Biden retorne al pacto nuclear con el pa\u00eds persa.<\/p>\n\n\n\n<p>&#8220;Con acuerdo o sin acuerdo, haremos todo lo posible para que (Ir\u00e1n) no adquiera armas nucleares&#8221;, declar\u00f3 ayer Netanyahu, en un acto en el que tach\u00f3 al pa\u00eds persa de &#8220;r\u00e9gimen extremista y agresivo&#8221;.<\/p>\n\n\n\n<p>Seg\u00fan medios locales, el dirigente se reuni\u00f3 ayer con ministros de su Gabinete, altos cargos del aparato de seguridad y de la diplomacia israel\u00ed para preparar un plan consensuado con el que abordar el intento de acercamiento de la nueva Administraci\u00f3n de EE.UU. con Teher\u00e1n.<\/p>\n\n\n\n<p>En el encuentro no se tomaron decisiones sustanciales, sino que se trat\u00f3 la cuesti\u00f3n de manera amplia para comenzar a formular cu\u00e1l debe ser la respuesta israel\u00ed, indic\u00f3 el peri\u00f3dico local Maariv.<\/p>\n","protected":false},"excerpt":{"rendered":"<p>Ir\u00e1n y el Organismo Internacional de Energ\u00eda At\u00f3mica cerraron el domingo un acuerdo interino de verificaci\u00f3n de su plan nuclear&nbsp; EFE.- El primer ministro de Israel, Benjam\u00edn Netanyahu, busca perfilar una estrategia conjunta de su Gobierno ante la posible reanudaci\u00f3n de negociaciones entre EU e Ir\u00e1n y la opci\u00f3n de que el dem\u00f3crata Joe Biden [&hellip;]<\/p>\n","protected":false},"author":80,"featured_media":153963,"comment_status":"closed","ping_status":"open","sticky":false,"template":"","format":"standard","meta":{"footnotes":""},"categories":[31],"tags":[],"class_list":["post-153955","post","type-post","status-publish","format-standard","has-post-thumbnail","hentry","category-orbe"],"_links":{"self":[{"href":"https:\/\/plazajuarez.mx\/historico\/wp-json\/wp\/v2\/posts\/153955","targetHints":{"allow":["GET"]}}],"collection":[{"href":"https:\/\/plazajuarez.mx\/historico\/wp-json\/wp\/v2\/posts"}],"about":[{"href":"https:\/\/plazajuarez.mx\/historico\/wp-json\/wp\/v2\/types\/post"}],"author":[{"embeddable":true,"href":"https:\/\/plazajuarez.mx\/historico\/wp-json\/wp\/v2\/users\/80"}],"replies":[{"embeddable":true,"href":"https:\/\/plazajuarez.mx\/historico\/wp-json\/wp\/v2\/comments?post=153955"}],"version-history":[{"count":0,"href":"https:\/\/plazajuarez.mx\/historico\/wp-json\/wp\/v2\/posts\/153955\/revisions"}],"wp:featuredmedia":[{"embeddable":true,"href":"https:\/\/plazajuarez.mx\/historico\/wp-json\/wp\/v2\/media\/153963"}],"wp:attachment":[{"href":"https:\/\/plazajuarez.mx\/historico\/wp-json\/wp\/v2\/media?parent=153955"}],"wp:term":[{"taxonomy":"category","embeddable":true,"href":"https:\/\/plazajuarez.mx\/historico\/wp-json\/wp\/v2\/categories?post=153955"},{"taxonomy":"post_tag","embeddable":true,"href":"https:\/\/plazajuarez.mx\/historico\/wp-json\/wp\/v2\/tags?post=153955"}],"curies":[{"name":"wp","href":"https:\/\/api.w.org\/{rel}","templated":true}]}}