{"id":15392,"date":"2016-01-04T11:41:25","date_gmt":"2016-01-04T11:41:25","guid":{"rendered":"http:\/\/plazajuarez.mx\/index\/index.php\/2016\/01\/04\/presidente-municipales-exigen-proteccion-al-gobierno\/"},"modified":"2016-01-04T11:41:25","modified_gmt":"2016-01-04T11:41:25","slug":"presidente-municipales-exigen-proteccion-al-gobierno","status":"publish","type":"post","link":"https:\/\/plazajuarez.mx\/historico\/presidente-municipales-exigen-proteccion-al-gobierno\/","title":{"rendered":"Presidente municipales exigen protecci\u00f3n al gobierno"},"content":{"rendered":"<p>TRAS ASESINATO DE ALCALDESA\u00a0\u00a0 <br \/>Se\u00f1alaron que es una \u201cimportante llamada de alerta\u201d, que obliga a trabajar de manera conjunta<\/p>\n<p>  <!--more-->  <\/p>\n<p>CUERNAVACA, Mor- Ante el reciente asesinato de la alcaldesa de Temixco, Gisela Mota, los alcaldes y colaboradores de la Asociaci\u00f3n de Autoridades Locales de M\u00e9xico, A.C. (AALMAC), exigieron al gobiernos federal y a los estatales, protecci\u00f3n para los municipales en todo el pa\u00eds. <br \/>Al reprobar el hecho suscitado a escasas horas de iniciado el nuevo a\u00f1o, se\u00f1alaron que es una \u201cimportante llamada de alerta\u201d, que obliga a trabajar de manera conjunta, y replantear las estrategias en seguridad, a fin de garantizar la gobernabilidad en el pa\u00eds, pues de ello depende el que se brinde la paz y seguridad que cada uno de los mexicanos demanda. <br \/>\u201cA la fecha, el asesinato de nuestra compa\u00f1era Gisela se suma a la larga lista de casi 100 alcaldes y m\u00e1s de mil funcionarios municipales v\u00edctimas de atentados en la \u00faltima d\u00e9cada, principalmente a manos del crimen organizado, siendo urgente la acci\u00f3n de gobierno para frenar esta oleada de violencia\u201d, detallaron en un comunicado. <br \/>La AALMAC pidi\u00f3 castigo ejemplar a los responsables de privar de la vida a la alcaldesa, as\u00ed como para cada uno de los atentados en los que autoridades locales han sido las v\u00edctimas, con la intenci\u00f3n de no quede impune. <\/p>\n","protected":false},"excerpt":{"rendered":"<p>TRAS ASESINATO DE ALCALDESA\u00a0\u00a0 Se\u00f1alaron que es una \u201cimportante llamada de alerta\u201d, que obliga a trabajar de manera conjunta<\/p>\n","protected":false},"author":93,"featured_media":0,"comment_status":"open","ping_status":"open","sticky":false,"template":"","format":"standard","meta":{"footnotes":""},"categories":[36],"tags":[],"class_list":["post-15392","post","type-post","status-publish","format-standard","hentry","category-nacion"],"_links":{"self":[{"href":"https:\/\/plazajuarez.mx\/historico\/wp-json\/wp\/v2\/posts\/15392","targetHints":{"allow":["GET"]}}],"collection":[{"href":"https:\/\/plazajuarez.mx\/historico\/wp-json\/wp\/v2\/posts"}],"about":[{"href":"https:\/\/plazajuarez.mx\/historico\/wp-json\/wp\/v2\/types\/post"}],"author":[{"embeddable":true,"href":"https:\/\/plazajuarez.mx\/historico\/wp-json\/wp\/v2\/users\/93"}],"replies":[{"embeddable":true,"href":"https:\/\/plazajuarez.mx\/historico\/wp-json\/wp\/v2\/comments?post=15392"}],"version-history":[{"count":0,"href":"https:\/\/plazajuarez.mx\/historico\/wp-json\/wp\/v2\/posts\/15392\/revisions"}],"wp:attachment":[{"href":"https:\/\/plazajuarez.mx\/historico\/wp-json\/wp\/v2\/media?parent=15392"}],"wp:term":[{"taxonomy":"category","embeddable":true,"href":"https:\/\/plazajuarez.mx\/historico\/wp-json\/wp\/v2\/categories?post=15392"},{"taxonomy":"post_tag","embeddable":true,"href":"https:\/\/plazajuarez.mx\/historico\/wp-json\/wp\/v2\/tags?post=15392"}],"curies":[{"name":"wp","href":"https:\/\/api.w.org\/{rel}","templated":true}]}}