{"id":153905,"date":"2021-02-23T19:21:50","date_gmt":"2021-02-24T01:21:50","guid":{"rendered":"https:\/\/plazajuarez.mx\/?p=153905"},"modified":"2021-02-23T19:22:00","modified_gmt":"2021-02-24T01:22:00","slug":"alcaldesa-de-actopan-deja-sin-trabajo-a-pepenadores","status":"publish","type":"post","link":"https:\/\/plazajuarez.mx\/historico\/alcaldesa-de-actopan-deja-sin-trabajo-a-pepenadores\/","title":{"rendered":"Alcaldesa de Actopan, deja sin trabajo a pepenadores"},"content":{"rendered":"\n<p>Actopan. La presidenta municipal de Actopan, Tatiana \u00c1ngeles Moreno, habr\u00eda privatizado la recolecci\u00f3n de basura, denunciaron familias de pepenadores, quienes dependen \u00fanicamente de esta actividad.<\/p>\n\n\n\n<p>Esta tarde, las familias dedicadas a la pepena de basura, se manifestaron en el exterior de la alcald\u00eda municipal, para denunciar la decisi\u00f3n de la alcaldesa, por dejarles sin trabajo y sin ninguna posibilidad de acceder a una fuente de ingresos.<\/p>\n\n\n\n<p>Han denunciado, que la basura llega a un domicilio particular a partir de esta semana, ah\u00ed es separada y despu\u00e9s los residuos que quedan son enviados al relleno sanitario, que es inservible para los pepenadores.<\/p>\n\n\n\n<p>Seg\u00fan han explicado, son m\u00e1s de 40 las familias que dependen de esta actividad, no cuentan con otra fuente de empleos y tampoco con ning\u00fan apoyo social.<\/p>\n\n\n\n<p>Han lamentado, que en plena pandemia causada por el Covid19, reciban este trato inhumano por parte del gobierno municipal y pidieron recapacite la presidenta municipal, para que no sea indolente ante la crisis que viven estas familias.<\/p>\n","protected":false},"excerpt":{"rendered":"<p>Actopan. La presidenta municipal de Actopan, Tatiana \u00c1ngeles Moreno, habr\u00eda privatizado la recolecci\u00f3n de basura, denunciaron familias de pepenadores, quienes dependen \u00fanicamente de esta actividad. Esta tarde, las familias dedicadas a la pepena de basura, se manifestaron en el exterior de la alcald\u00eda municipal, para denunciar la decisi\u00f3n de la alcaldesa, por dejarles sin trabajo [&hellip;]<\/p>\n","protected":false},"author":93,"featured_media":153907,"comment_status":"closed","ping_status":"open","sticky":false,"template":"","format":"standard","meta":{"footnotes":""},"categories":[15,40],"tags":[],"class_list":["post-153905","post","type-post","status-publish","format-standard","has-post-thumbnail","hentry","category-destacadas","category-region"],"_links":{"self":[{"href":"https:\/\/plazajuarez.mx\/historico\/wp-json\/wp\/v2\/posts\/153905","targetHints":{"allow":["GET"]}}],"collection":[{"href":"https:\/\/plazajuarez.mx\/historico\/wp-json\/wp\/v2\/posts"}],"about":[{"href":"https:\/\/plazajuarez.mx\/historico\/wp-json\/wp\/v2\/types\/post"}],"author":[{"embeddable":true,"href":"https:\/\/plazajuarez.mx\/historico\/wp-json\/wp\/v2\/users\/93"}],"replies":[{"embeddable":true,"href":"https:\/\/plazajuarez.mx\/historico\/wp-json\/wp\/v2\/comments?post=153905"}],"version-history":[{"count":0,"href":"https:\/\/plazajuarez.mx\/historico\/wp-json\/wp\/v2\/posts\/153905\/revisions"}],"wp:featuredmedia":[{"embeddable":true,"href":"https:\/\/plazajuarez.mx\/historico\/wp-json\/wp\/v2\/media\/153907"}],"wp:attachment":[{"href":"https:\/\/plazajuarez.mx\/historico\/wp-json\/wp\/v2\/media?parent=153905"}],"wp:term":[{"taxonomy":"category","embeddable":true,"href":"https:\/\/plazajuarez.mx\/historico\/wp-json\/wp\/v2\/categories?post=153905"},{"taxonomy":"post_tag","embeddable":true,"href":"https:\/\/plazajuarez.mx\/historico\/wp-json\/wp\/v2\/tags?post=153905"}],"curies":[{"name":"wp","href":"https:\/\/api.w.org\/{rel}","templated":true}]}}