{"id":153896,"date":"2021-02-23T17:02:29","date_gmt":"2021-02-23T23:02:29","guid":{"rendered":"https:\/\/plazajuarez.mx\/?p=153896"},"modified":"2021-02-23T17:02:44","modified_gmt":"2021-02-23T23:02:44","slug":"padres-de-ninos-con-cancer-exigen-al-gobierno-de-mexico-que-cumpla-sentencia","status":"publish","type":"post","link":"https:\/\/plazajuarez.mx\/historico\/padres-de-ninos-con-cancer-exigen-al-gobierno-de-mexico-que-cumpla-sentencia\/","title":{"rendered":"Padres de ni\u00f1os con c\u00e1ncer exigen al Gobierno de M\u00e9xico que cumpla sentencia"},"content":{"rendered":"\n<p>Padres de ni\u00f1os con c\u00e1ncer pidieron este martes al Gobierno mexicano que cumpla con la sentencia definitiva de un juicio de amparo que los obliga a terminar con el desabastecimiento de medicamentos que denunciaron desde 2019.<\/p>\n\n\n\n<p>Familiares se citaron en el c\u00e9ntrico Monumento a la Revoluci\u00f3n de Ciudad de M\u00e9xico para dar a conocer la informaci\u00f3n que les fue notificada el pasado 19 de febrero y as\u00ed instar a las autoridades que cumplan con la sentencia que protege a 9 ni\u00f1os del estado de Nuevo Le\u00f3n.<\/p>\n\n\n\n<p>Tanto el director general del Instituto Mexicano del Seguro Social, Zo\u00e9 Robledo, como el presidente de M\u00e9xico, Andr\u00e9s Manuel L\u00f3pez Obrador, tendr\u00e1n la obligaci\u00f3n de responsabilizarse de la situaci\u00f3n de vulnerabilidad de estos ni\u00f1os, seg\u00fan inform\u00f3 a Efe la abogada Andrea Rocha.<\/p>\n\n\n\n<p>En un comunicado, los familiares anunciaron que &#8220;tras una larga batalla jur\u00eddica&#8221; desde que se promovi\u00f3 el amparo el 22 de noviembre de 2019, &#8220;prevaleci\u00f3 el Estado de Derecho&#8221; y &#8220;es un gran precedente&#8221; en M\u00e9xico a favor de los ni\u00f1os con c\u00e1ncer.<\/p>\n\n\n\n<p>Sin embargo, son solamente 9 de las varias decenas de ni\u00f1os que los familiares tienen registrados y que acompa\u00f1a legalmente Rocha, dijo a Efe Esperanza Paz, madre de Hermes, un ni\u00f1o con diagn\u00f3stico de rabdomiosarcoma embrionario en el antebrazo izquierdo.<\/p>\n\n\n\n<p>Aunque su hijo no est\u00e1 incluido en este amparo, y todav\u00eda hace falta mucho m\u00e1s para asegurar que se respeten los derechos de los ni\u00f1os que padecen c\u00e1ncer en todo el pa\u00eds, asegur\u00f3 que el amparo es una buena noticia. &#8220;Nos hemos dado cuenta que por lo menos voltearon a vernos&#8221;, expres\u00f3.<\/p>\n\n\n\n<p>En su caso, tambi\u00e9n solicitaron un amparo y est\u00e1n en espera de resoluci\u00f3n, pero la situaci\u00f3n actual est\u00e1 siendo muy compleja debido a la pandemia de la covid-19, que provoca que adem\u00e1s del desabastecimiento de medicamentos oncol\u00f3gicos tambi\u00e9n haya escasez de &#8220;insumos&#8221; de los hospitales.<\/p>\n\n\n\n<p>Aunque ven una peque\u00f1a esperanza, la frustraci\u00f3n para los padres contin\u00faa porque el problema, m\u00e1s que cesar, crece y crece.<\/p>\n\n\n\n<p>El pasado 15 de febrero, D\u00eda Internacional del C\u00e1ncer Infantil, padres de ni\u00f1os con la enfermedad se quejaron por los recortes presupuestarios del actual Gobierno mexicano, ya que calculan que 1.600 ni\u00f1os han perdido la vida por falta de tratamiento oncol\u00f3gico a causa de la reducci\u00f3n del gasto de esa partida.<\/p>\n\n\n\n<p>Los padres de ni\u00f1os con c\u00e1ncer han denunciado en numerosas ocasiones el desabastecimiento de medicamentos oncol\u00f3gicos desde la llegada al poder de L\u00f3pez Obrador, en diciembre de 2018.<\/p>\n\n\n\n<p>El presidente acab\u00f3 con el Seguro Popular y, en un pa\u00eds donde m\u00e1s de la mitad de la poblaci\u00f3n no cuenta con seguridad social, quiso universalizar la salud con la creaci\u00f3n del Instituto de Salud para el Bienestar (Insabi), que hasta el momento no ha dado los resultados esperados.<\/p>\n\n\n\n<p>Adem\u00e1s, el mandatario centraliz\u00f3 las compras de medicamentos en la Secretar\u00eda de Hacienda para evitar que hubiera corrupci\u00f3n en la adquisici\u00f3n de medicinas por parte del Estado.<\/p>\n\n\n\n<p>Cada a\u00f1o se diagnostican m\u00e1s de 400.000 ni\u00f1os con c\u00e1ncer en todo el mundo y unos 5.000 en M\u00e9xico.<\/p>\n","protected":false},"excerpt":{"rendered":"<p>Padres de ni\u00f1os con c\u00e1ncer pidieron este martes al Gobierno mexicano que cumpla con la sentencia definitiva de un juicio de amparo que los obliga a terminar con el desabastecimiento de medicamentos que denunciaron desde 2019. Familiares se citaron en el c\u00e9ntrico Monumento a la Revoluci\u00f3n de Ciudad de M\u00e9xico para dar a conocer la [&hellip;]<\/p>\n","protected":false},"author":80,"featured_media":153897,"comment_status":"closed","ping_status":"open","sticky":false,"template":"","format":"standard","meta":{"footnotes":""},"categories":[15,36],"tags":[],"class_list":["post-153896","post","type-post","status-publish","format-standard","has-post-thumbnail","hentry","category-destacadas","category-nacion"],"_links":{"self":[{"href":"https:\/\/plazajuarez.mx\/historico\/wp-json\/wp\/v2\/posts\/153896","targetHints":{"allow":["GET"]}}],"collection":[{"href":"https:\/\/plazajuarez.mx\/historico\/wp-json\/wp\/v2\/posts"}],"about":[{"href":"https:\/\/plazajuarez.mx\/historico\/wp-json\/wp\/v2\/types\/post"}],"author":[{"embeddable":true,"href":"https:\/\/plazajuarez.mx\/historico\/wp-json\/wp\/v2\/users\/80"}],"replies":[{"embeddable":true,"href":"https:\/\/plazajuarez.mx\/historico\/wp-json\/wp\/v2\/comments?post=153896"}],"version-history":[{"count":0,"href":"https:\/\/plazajuarez.mx\/historico\/wp-json\/wp\/v2\/posts\/153896\/revisions"}],"wp:featuredmedia":[{"embeddable":true,"href":"https:\/\/plazajuarez.mx\/historico\/wp-json\/wp\/v2\/media\/153897"}],"wp:attachment":[{"href":"https:\/\/plazajuarez.mx\/historico\/wp-json\/wp\/v2\/media?parent=153896"}],"wp:term":[{"taxonomy":"category","embeddable":true,"href":"https:\/\/plazajuarez.mx\/historico\/wp-json\/wp\/v2\/categories?post=153896"},{"taxonomy":"post_tag","embeddable":true,"href":"https:\/\/plazajuarez.mx\/historico\/wp-json\/wp\/v2\/tags?post=153896"}],"curies":[{"name":"wp","href":"https:\/\/api.w.org\/{rel}","templated":true}]}}