{"id":153893,"date":"2021-02-23T15:48:46","date_gmt":"2021-02-23T21:48:46","guid":{"rendered":"https:\/\/plazajuarez.mx\/?p=153893"},"modified":"2021-02-23T15:49:03","modified_gmt":"2021-02-23T21:49:03","slug":"lopez-obrador-y-alberto-fernandez-homenajean-al-expresidente-mexicano-madero","status":"publish","type":"post","link":"https:\/\/plazajuarez.mx\/historico\/lopez-obrador-y-alberto-fernandez-homenajean-al-expresidente-mexicano-madero\/","title":{"rendered":"L\u00f3pez Obrador y Alberto Fern\u00e1ndez homenajean al expresidente mexicano Madero"},"content":{"rendered":"\n<p>&nbsp;El presidente de M\u00e9xico, Andr\u00e9s Manuel L\u00f3pez Obrador, y su hom\u00f3logo argentino, Alberto Fern\u00e1ndez, homenajearon este martes en el Palacio Nacional al expresidente y h\u00e9roe de la Revoluci\u00f3n mexicana Francisco I. Madero con motivo de los 108 a\u00f1os de su asesinato.<\/p>\n\n\n\n<p>L\u00f3pez Obrador y Fern\u00e1ndez, de visita de Estado a M\u00e9xico durante tres d\u00edas, depositaron una ofrenda floral e hicieron un minuto de silencio frente a un retrato de Madero en el Patio de Honor del Palacio Nacional, en la capital mexicana, decorado con banderas mexicanas y argentinas.<\/p>\n\n\n\n<p>Previamente escucharon a Beatriz Guti\u00e9rrez M\u00fcller, esposa de L\u00f3pez Obrador y encargada de la Coordinaci\u00f3n Nacional de la Memoria Hist\u00f3rica y Cultural en el Gobierno mexicano, quien ley\u00f3 brevemente unos textos hist\u00f3ricos relacionados con Madero.<\/p>\n\n\n\n<p>Ambos mandatarios hicieron tambi\u00e9n un recorrido por el museo del Palacio dedicado a Madero, quien se convirti\u00f3 en presidente de M\u00e9xico tras el derrocamiento del dictador Porfirio D\u00edaz en 1911 hasta 1913, cuando fue asesinado por el golpe de Estado del militar Victoriano Huerta.<\/p>\n\n\n\n<p>Inmortalizado por su lema democr\u00e1tico &#8220;Sufragio efectivo. No reelecci\u00f3n&#8221;, Madero suele ser citado en los discurso de L\u00f3pez Obrador, quien se refiere a \u00e9l como el &#8220;ap\u00f3stol de la democracia&#8221; mexicana.<\/p>\n\n\n\n<p>Minutos antes de la ofrenda, en conferencia de prensa, L\u00f3pez Obrador se compar\u00f3 con Madero al enviar una carta a los gobernadores en la que les pide &#8220;no intervenir&#8221; en la campa\u00f1a de las elecciones intermedias del pr\u00f3ximo 6 de junio.<\/p>\n\n\n\n<p>Fern\u00e1ndez aterriz\u00f3 el lunes en la capital mexicana para una visita de Estado de tres d\u00edas con motivo de los 200 a\u00f1os de la declaraci\u00f3n de independencia de M\u00e9xico y bajo una agenda repleta de eventos como la visita de un laboratorio de envasados de vacunas contra la covid-19 y reuniones con empresarios como Carlos Slim.<\/p>\n\n\n\n<p>El presidente argentino particip\u00f3 este martes en la conferencia de prensa matutina de L\u00f3pez Obrador, en la que insisti\u00f3 en que M\u00e9xico y Argentina deben sumar esfuerzos en Am\u00e9rica Latina para crear un &#8220;eje que una a todo el continente&#8221;.<\/p>\n\n\n\n<p>Su viaje concluir\u00e1 el mi\u00e9rcoles con un evento junto a L\u00f3pez Obrador en el sure\u00f1o estado de Guerrero para conmemorar los 200 a\u00f1os de la promulgaci\u00f3n del Plan de Iguala, que declar\u00f3 al independencia de M\u00e9xico respecto a Espa\u00f1a.<\/p>\n","protected":false},"excerpt":{"rendered":"<p>&nbsp;El presidente de M\u00e9xico, Andr\u00e9s Manuel L\u00f3pez Obrador, y su hom\u00f3logo argentino, Alberto Fern\u00e1ndez, homenajearon este martes en el Palacio Nacional al expresidente y h\u00e9roe de la Revoluci\u00f3n mexicana Francisco I. Madero con motivo de los 108 a\u00f1os de su asesinato. L\u00f3pez Obrador y Fern\u00e1ndez, de visita de Estado a M\u00e9xico durante tres d\u00edas, depositaron [&hellip;]<\/p>\n","protected":false},"author":80,"featured_media":153894,"comment_status":"closed","ping_status":"open","sticky":false,"template":"","format":"standard","meta":{"footnotes":""},"categories":[15,36],"tags":[],"class_list":["post-153893","post","type-post","status-publish","format-standard","has-post-thumbnail","hentry","category-destacadas","category-nacion"],"_links":{"self":[{"href":"https:\/\/plazajuarez.mx\/historico\/wp-json\/wp\/v2\/posts\/153893","targetHints":{"allow":["GET"]}}],"collection":[{"href":"https:\/\/plazajuarez.mx\/historico\/wp-json\/wp\/v2\/posts"}],"about":[{"href":"https:\/\/plazajuarez.mx\/historico\/wp-json\/wp\/v2\/types\/post"}],"author":[{"embeddable":true,"href":"https:\/\/plazajuarez.mx\/historico\/wp-json\/wp\/v2\/users\/80"}],"replies":[{"embeddable":true,"href":"https:\/\/plazajuarez.mx\/historico\/wp-json\/wp\/v2\/comments?post=153893"}],"version-history":[{"count":0,"href":"https:\/\/plazajuarez.mx\/historico\/wp-json\/wp\/v2\/posts\/153893\/revisions"}],"wp:featuredmedia":[{"embeddable":true,"href":"https:\/\/plazajuarez.mx\/historico\/wp-json\/wp\/v2\/media\/153894"}],"wp:attachment":[{"href":"https:\/\/plazajuarez.mx\/historico\/wp-json\/wp\/v2\/media?parent=153893"}],"wp:term":[{"taxonomy":"category","embeddable":true,"href":"https:\/\/plazajuarez.mx\/historico\/wp-json\/wp\/v2\/categories?post=153893"},{"taxonomy":"post_tag","embeddable":true,"href":"https:\/\/plazajuarez.mx\/historico\/wp-json\/wp\/v2\/tags?post=153893"}],"curies":[{"name":"wp","href":"https:\/\/api.w.org\/{rel}","templated":true}]}}