{"id":15388,"date":"2016-01-04T11:40:49","date_gmt":"2016-01-04T11:40:49","guid":{"rendered":"http:\/\/plazajuarez.mx\/index\/index.php\/2016\/01\/04\/ulivarri-lopez-aspirante-independiente-para-alcalde-en-tamaulipas\/"},"modified":"2016-01-04T11:40:49","modified_gmt":"2016-01-04T11:40:49","slug":"ulivarri-lopez-aspirante-independiente-para-alcalde-en-tamaulipas","status":"publish","type":"post","link":"https:\/\/plazajuarez.mx\/historico\/ulivarri-lopez-aspirante-independiente-para-alcalde-en-tamaulipas\/","title":{"rendered":"ULIVARRI L\u00d3PEZ, ASPIRANTE INDEPENDIENTE PARA ALCALDE EN TAMAULIPAS"},"content":{"rendered":"<p>MATAMOROS, Tamps.- El Instituto Electoral de Tamaulipas recibi\u00f3 de manera oficial la primera documentaci\u00f3n de un aspirante para las elecciones locales de este 2016. Se trata de Carlos Rafael Ulivarri L\u00f3pez, presidente de la C\u00e1mara Nacional de Comercio y Turismo de R\u00edo Bravo.<\/p>\n<p>  <!--more-->  <\/p>\n<p>Ulivarri no solo es ciudadano con presencia en R\u00edo Bravo por el comercio, los reflectores hacia el l\u00edder comercial se enfocaron despu\u00e9s que en el mes de abril asesinaron a su hijo de 20 a\u00f1os de edad en una discoteca y endureci\u00f3 sus cr\u00edticas contra el sistema de Gobierno y las fuerzas federales. <br \/>\u201cCuando criticas la inseguridad que existe y desmientes la seguridad que presumen, el Gobierno te ve como tu enemigo, cuando no es as\u00ed\u201d, eran algunas de sus declaraciones que hac\u00eda durante abril y mayo del 2015. <br \/>Anteayer s\u00e1bado en las oficinas del Instituto Electoral de Tamaulipas en Ciudad Victoria, y frente al Director Ejecutivo de Prerrogativas, Partidos y Agrupaciones Jos\u00e9 Aguilar Hern\u00e1ndez, present\u00f3 el formato en el que manifiesta su intenci\u00f3n de participar como candidato independiente al cargo de presidente municipal de Rio Bravo, Tamaulipas. <br \/>Como parte de los requisitos que establece la convocatoria, Carlos Rafael Ulivarri L\u00f3pez, present\u00f3 el acta constitutiva de la Asociaci\u00f3n Civil denominada \u201cActuar y hablar bien por Rio Bravo A.C.\u201d, contrato con el que acredita la apertura de cuenta bancaria, as\u00ed como del representante legal ante el IETAM, el C. Juan Pedro Gonz\u00e1lez Gonz\u00e1lez. <br \/>El aspirante present\u00f3 tambi\u00e9n el acta protocolizada ante notario p\u00fablico y dada de alta en el Servicio de Administraci\u00f3n Tributaria (SAT), de la Secretar\u00eda de Hacienda y Cr\u00e9dito P\u00fablico (SHCP), as\u00ed como ante el Instituto Registral y Catastral de Tamaulipas, entre otros documentos. <br \/>Los aspirantes al cargo de presidente municipal disponen hasta el 26 de enero de 2016, para presentar toda la documentaci\u00f3n. <br \/>Una vez vencido el t\u00e9rmino, el Consejo General del IETAM emitir\u00e1 un acuerdo en el que har\u00e1 entrega una constancia.<\/p>\n","protected":false},"excerpt":{"rendered":"<p>MATAMOROS, Tamps.- El Instituto Electoral de Tamaulipas recibi\u00f3 de manera oficial la primera documentaci\u00f3n de un aspirante para las elecciones locales de este 2016. Se trata de Carlos Rafael Ulivarri L\u00f3pez, presidente de la C\u00e1mara Nacional de Comercio y Turismo de R\u00edo Bravo.<\/p>\n","protected":false},"author":93,"featured_media":0,"comment_status":"open","ping_status":"open","sticky":false,"template":"","format":"standard","meta":{"footnotes":""},"categories":[36],"tags":[],"class_list":["post-15388","post","type-post","status-publish","format-standard","hentry","category-nacion"],"_links":{"self":[{"href":"https:\/\/plazajuarez.mx\/historico\/wp-json\/wp\/v2\/posts\/15388","targetHints":{"allow":["GET"]}}],"collection":[{"href":"https:\/\/plazajuarez.mx\/historico\/wp-json\/wp\/v2\/posts"}],"about":[{"href":"https:\/\/plazajuarez.mx\/historico\/wp-json\/wp\/v2\/types\/post"}],"author":[{"embeddable":true,"href":"https:\/\/plazajuarez.mx\/historico\/wp-json\/wp\/v2\/users\/93"}],"replies":[{"embeddable":true,"href":"https:\/\/plazajuarez.mx\/historico\/wp-json\/wp\/v2\/comments?post=15388"}],"version-history":[{"count":0,"href":"https:\/\/plazajuarez.mx\/historico\/wp-json\/wp\/v2\/posts\/15388\/revisions"}],"wp:attachment":[{"href":"https:\/\/plazajuarez.mx\/historico\/wp-json\/wp\/v2\/media?parent=15388"}],"wp:term":[{"taxonomy":"category","embeddable":true,"href":"https:\/\/plazajuarez.mx\/historico\/wp-json\/wp\/v2\/categories?post=15388"},{"taxonomy":"post_tag","embeddable":true,"href":"https:\/\/plazajuarez.mx\/historico\/wp-json\/wp\/v2\/tags?post=15388"}],"curies":[{"name":"wp","href":"https:\/\/api.w.org\/{rel}","templated":true}]}}