{"id":15387,"date":"2016-01-04T11:47:24","date_gmt":"2016-01-04T11:47:24","guid":{"rendered":"http:\/\/plazajuarez.mx\/index\/index.php\/2016\/01\/04\/los-tuzos-cerraron-pretemporada-derrotando-a-las-chivas\/"},"modified":"2016-01-04T11:47:24","modified_gmt":"2016-01-04T11:47:24","slug":"los-tuzos-cerraron-pretemporada-derrotando-a-las-chivas","status":"publish","type":"post","link":"https:\/\/plazajuarez.mx\/historico\/los-tuzos-cerraron-pretemporada-derrotando-a-las-chivas\/","title":{"rendered":"Los Tuzos cerraron pretemporada derrotando a las Chivas"},"content":{"rendered":"<p>#PRETEMPORADA<\/p>\n<p>  <!--more-->  <\/p>\n<p>\u00a0<\/p>\n<p>En el \u00faltimo partido de preparaci\u00f3n antes de que inicie el torneo Clausura 2016, Chivas no pudo con los Tuzos y una buena actuci\u00f3n de Hirving Lozano, quien con anotaci\u00f3n y asistencia comand\u00f3 a Pachuca al triunfo sobre los rojiblancos 2-0.<\/p>\n<p>Asimismo, el entrenador argentino, Mat\u00edas Almeyda mand\u00f3 a la cancha a sus mejores hombres, donde destacaron el capit\u00e1n Omar Bravo y el refuerzo estelar Carlos Pe\u00f1a, sin embargo, poco pudieron hacer en los 60 minutos que tuvieron de actividad.<\/p>\n<p>Por su parte, Diego Alonso consigui\u00f3 que su equipo mostrara un buen funcionamiento con oportunidades que pudieron capitalizar en anotaciones.<\/p>\n<p>Al 18\u2019 el \u2018Chucky\u2019 abri\u00f3 el marcador con un disparo de pierna derecha pegado al poste ante la marca de dos defensores del Reba\u00f1o, tiro que no logr\u00f3 desviar Antonio Rodr\u00edguez.<\/p>\n<p>Por otro lado, los hidalguenses se fueron con la m\u00ednima ventaja al descanso, misma que lograron ampliar al minuto 53. Hirving Lozano desbord\u00f3 y quit\u00e1ndose la marca de Jair Pereira sirvi\u00f3 para que simplemente llegara Franco Jara y pusiera cifras definitivas al encuentro.<\/p>\n<p>Ahora Chivas se dispondr\u00e1 a trabajar esta semana para preparar el duelo de la fecha 1 ante Veracruz el pr\u00f3ximo domingo. Mientras que Tuzos tendr\u00e1 una semana m\u00e1s corta, ya que el siguiente viernes debutar\u00e1 en el campeonato contra Xolos de Tijuana, en lo que ser\u00e1 el inicio de una nueva historia de la Liga Mx, de la cual se esperan grandes expectativas.<\/p>\n<p>\u00a0<\/p>\n<p>***********************<\/p>\n<p>#PANZAS VERDES DEL LE\u00d3N<\/p>\n<p><strong>\u00a0<\/strong><\/p>\n<p><strong>Miguel Sabah le dir\u00e1 adi\u00f3 al m\u00e1ximo circuito <\/strong><\/p>\n<ul>\n<li>El atacante, exseleccionado nacional, no encontr\u00f3 cabida en el equipo de los Panzas Verdes del Le\u00f3n, al cual defendi\u00f3 en los \u00faltimos dos a\u00f1os.<\/li>\n<\/ul>\n<p><strong>\u00a0<\/strong><\/p>\n<p>\u201cEl atacante logr\u00f3 139 goles a lo largo de su paso por el M\u00e1ximo Circuito. Jug\u00f3 392 partidos oficiales y sum\u00f3 m\u00e1s de 25 mil minutos\u201d.<\/p>\n<p>\u00a0<\/p>\n<p>\u00a0<\/p>\n<p>Luego de 15 a\u00f1os de carrera profesional y cuatro clubes de Primera Divisi\u00f3n, el delantero originario de Canc\u00fan, Quintana Roo, Miguel Sabah anunciar\u00e1 su adi\u00f3s de las canchas este martes, por lo que cit\u00f3 a una conferencia de prensa en la ciudad de Guadalajara.<\/p>\n<p>Asimismo, el atacante, exseleccionado nacional, no encontr\u00f3 cabida en el equipo de los Panzas Verdes del Le\u00f3n, al cual defendi\u00f3 en los \u00faltimos dos a\u00f1os, por lo que decidi\u00f3 colgar los &#8220;tacos&#8221;, antes del arranque del Torneo Clausura 2016, una situaci\u00f3n que sorprendi\u00f3.<\/p>\n<p>De igual manera, el veterano Sabah debut\u00f3 en el Invierno 2001 con las Chivas de Guadalajara, club de donde sali\u00f3 en 2006 para fichar con Cruz Azul. En el Clausura 2009 Miguel fue traspasado a Monarcas Morelia donde vivi\u00f3 uno de sus mejores momentos, e incluso lleg\u00f3 hasta la Selecci\u00f3n Mexicana, donde marc\u00f3 un gol fundamental ante Estados Unidos, para que M\u00e9xico acudiera al Mundial.<\/p>\n<p>Del mismo modo, el atacante logr\u00f3 139 goles a lo largo de su paso por el M\u00e1ximo Circuito. Jug\u00f3 392 partidos oficiales y sum\u00f3 m\u00e1s de 25 mil minutos en el terreno de juego. Lamentablemente, el mexicano ya no pudo tener respuesta en el m\u00e1ximo circuito, por lo que lo orillaron a retirarse a una edad no tan avanzada.<\/p>\n<p>En otro tema, Le\u00f3n termin\u00f3 con su \u00faltimo partido de Pretemporada previo al inicio\u00a0del torneo con una goleada de 7-1 ante Coras, dejando satisfecho a su t\u00e9cnico Juan Antonio Pizzi.<\/p>\n<p>&#8220;Hemos cumplido el programa que ten\u00edamos en la parte f\u00edsica, en la parte futbol\u00edstica hab\u00eda muy poco tiempo de preparaci\u00f3n y creo que se han cumplido las metas que nos hab\u00edamos propuesto., coment\u00f3 el entrenador. Lo \u00fanico malo para Le\u00f3n, es la p\u00e9rdida del delantero Boselli en la jornada uno.<\/p>\n<p>\u00a0<\/p>\n<p>**<\/p>\n<p>\u00a0<\/p>\n<p>\u00a0<\/p>\n","protected":false},"excerpt":{"rendered":"<p>#PRETEMPORADA<\/p>\n","protected":false},"author":93,"featured_media":0,"comment_status":"open","ping_status":"open","sticky":false,"template":"","format":"standard","meta":{"footnotes":""},"categories":[39],"tags":[],"class_list":["post-15387","post","type-post","status-publish","format-standard","hentry","category-deportiva"],"_links":{"self":[{"href":"https:\/\/plazajuarez.mx\/historico\/wp-json\/wp\/v2\/posts\/15387","targetHints":{"allow":["GET"]}}],"collection":[{"href":"https:\/\/plazajuarez.mx\/historico\/wp-json\/wp\/v2\/posts"}],"about":[{"href":"https:\/\/plazajuarez.mx\/historico\/wp-json\/wp\/v2\/types\/post"}],"author":[{"embeddable":true,"href":"https:\/\/plazajuarez.mx\/historico\/wp-json\/wp\/v2\/users\/93"}],"replies":[{"embeddable":true,"href":"https:\/\/plazajuarez.mx\/historico\/wp-json\/wp\/v2\/comments?post=15387"}],"version-history":[{"count":0,"href":"https:\/\/plazajuarez.mx\/historico\/wp-json\/wp\/v2\/posts\/15387\/revisions"}],"wp:attachment":[{"href":"https:\/\/plazajuarez.mx\/historico\/wp-json\/wp\/v2\/media?parent=15387"}],"wp:term":[{"taxonomy":"category","embeddable":true,"href":"https:\/\/plazajuarez.mx\/historico\/wp-json\/wp\/v2\/categories?post=15387"},{"taxonomy":"post_tag","embeddable":true,"href":"https:\/\/plazajuarez.mx\/historico\/wp-json\/wp\/v2\/tags?post=15387"}],"curies":[{"name":"wp","href":"https:\/\/api.w.org\/{rel}","templated":true}]}}