{"id":153763,"date":"2021-02-23T07:09:06","date_gmt":"2021-02-23T13:09:06","guid":{"rendered":"https:\/\/plazajuarez.mx\/?p=153763"},"modified":"2021-02-23T07:09:21","modified_gmt":"2021-02-23T13:09:21","slug":"laguna-de-voces-705","status":"publish","type":"post","link":"https:\/\/plazajuarez.mx\/historico\/laguna-de-voces-705\/","title":{"rendered":"LAGUNA DE VOCES"},"content":{"rendered":"\n<h2 class=\"wp-block-heading\">Volver a tener memoria<\/h2>\n\n\n\n<p>Hoy ha sido un d\u00eda diferente. Todos los presagios de la pandemia se cumplieron. Fue mucho peor de lo que llegamos a pensar y muy pocas familias se salvaron de perder a uno de sus integrantes, as\u00ed que el luto empez\u00f3 a sentirse pasados dos a\u00f1os de la tragedia, porque el miedo impidi\u00f3 sentir el dolor, y solo el recuerdo desbord\u00f3 el dolor. De todos modos, llorar se ha convertido en una forma de expiar que el llanto solo pudiera llegar pasados tantos meses.<\/p>\n\n\n\n<p>Alguien tendr\u00e1 que explicar a los difuntos que pasaran meses y meses sin que nadie se acordara de ellos, es decir que se cumpliera con los rosarios, el levantamiento de la cruz y que la casa se inundara de olor a flores, esas que siempre se llevan en asuntos de muertitos.<\/p>\n\n\n\n<p>No hay duda que todas las pesadillas fueron superadas por esta enfermedad que azot\u00f3 al pa\u00eds con m\u00e1s violencia que a otros del mundo, que la vacuna tard\u00f3 tanto en llegar y ser puesta, que al final de cuentas ya no ten\u00eda ning\u00fan sentido porque la muerte se qued\u00f3 sin materia prima, sin familias que dejar mochas.&nbsp;<\/p>\n\n\n\n<p>Por eso el d\u00eda es diferente. Los que murieron parece que deb\u00edan cumplir con la cuota de dolor en asuntos de pandemia. As\u00ed de simple y seguramente en unos a\u00f1os alguien tendr\u00e1 que explicar y detallar que el gasto en la compra de vacunas fue in\u00fatil porque sucede que simplemente cumplida la cuota de difuntos ya no hay nada que agregar.<\/p>\n\n\n\n<p>Los que se salvaron no festejan porque no hay nada qu\u00e9 festejar. Esta pandemia result\u00f3 un golpe cruel y mal\u00e9volo contra la voluntad que tenemos los seres humanos de levantarnos, alzar la cara, mirar el horizonte y seguir. No se ha podido, algunos creen que ya nunca se podr\u00e1.<\/p>\n\n\n\n<p>Adem\u00e1s, se ha traducido en una rotunda desconfianza contra los que mandan, los que gobiernan. Ya no hay capacidad para creer nada y eso es lamentable. Porque tal vez sea mucho el tiempo que se consuma para volver a la senda de la naturaleza humana que es creer, que es mentir, que es creer pese a todo.<\/p>\n\n\n\n<p>De todos modos, amaneci\u00f3.<\/p>\n\n\n\n<p>Un principio bueno ser\u00e1 aprender a recordar a nuestros muertos, rendirles sus rosarios, levantar su cruz, extra\u00f1arlos, aunque muchos ya no pudieron verlos nunca.<\/p>\n\n\n\n<p>Ser\u00e1 una tarea descomunal.<\/p>\n\n\n\n<p>Pero necesaria.&nbsp;<\/p>\n\n\n\n<p>Volver a empezar es ante todo volver a tener memoria.<\/p>\n\n\n\n<p>Mil gracias, hasta ma\u00f1ana.<\/p>\n\n\n\n<p><a href=\"mailto:jeperalta@plazajuarez.mx\/historico\/historico\">jeperalta@plazajuarez.mx\/historico\/historico<\/a><\/p>\n\n\n\n<p>@JavierEPeralta<\/p>\n","protected":false},"excerpt":{"rendered":"<p>Volver a tener memoria Hoy ha sido un d\u00eda diferente. Todos los presagios de la pandemia se cumplieron. Fue mucho peor de lo que llegamos a pensar y muy pocas familias se salvaron de perder a uno de sus integrantes, as\u00ed que el luto empez\u00f3 a sentirse pasados dos a\u00f1os de la tragedia, porque el [&hellip;]<\/p>\n","protected":false},"author":10,"featured_media":0,"comment_status":"closed","ping_status":"open","sticky":false,"template":"","format":"standard","meta":{"footnotes":""},"categories":[49,42],"tags":[],"class_list":["post-153763","post","type-post","status-publish","format-standard","hentry","category-javier-peralta","category-nuestrapalabra"],"_links":{"self":[{"href":"https:\/\/plazajuarez.mx\/historico\/wp-json\/wp\/v2\/posts\/153763","targetHints":{"allow":["GET"]}}],"collection":[{"href":"https:\/\/plazajuarez.mx\/historico\/wp-json\/wp\/v2\/posts"}],"about":[{"href":"https:\/\/plazajuarez.mx\/historico\/wp-json\/wp\/v2\/types\/post"}],"author":[{"embeddable":true,"href":"https:\/\/plazajuarez.mx\/historico\/wp-json\/wp\/v2\/users\/10"}],"replies":[{"embeddable":true,"href":"https:\/\/plazajuarez.mx\/historico\/wp-json\/wp\/v2\/comments?post=153763"}],"version-history":[{"count":0,"href":"https:\/\/plazajuarez.mx\/historico\/wp-json\/wp\/v2\/posts\/153763\/revisions"}],"wp:attachment":[{"href":"https:\/\/plazajuarez.mx\/historico\/wp-json\/wp\/v2\/media?parent=153763"}],"wp:term":[{"taxonomy":"category","embeddable":true,"href":"https:\/\/plazajuarez.mx\/historico\/wp-json\/wp\/v2\/categories?post=153763"},{"taxonomy":"post_tag","embeddable":true,"href":"https:\/\/plazajuarez.mx\/historico\/wp-json\/wp\/v2\/tags?post=153763"}],"curies":[{"name":"wp","href":"https:\/\/api.w.org\/{rel}","templated":true}]}}