{"id":153478,"date":"2021-02-20T12:15:41","date_gmt":"2021-02-20T18:15:41","guid":{"rendered":"https:\/\/plazajuarez.mx\/?p=153478"},"modified":"2021-02-20T12:15:58","modified_gmt":"2021-02-20T18:15:58","slug":"subsecretario-de-salud-en-mexico-da-positivo-a-la-covid-19","status":"publish","type":"post","link":"https:\/\/plazajuarez.mx\/historico\/subsecretario-de-salud-en-mexico-da-positivo-a-la-covid-19\/","title":{"rendered":"Subsecretario de salud en M\u00e9xico da positivo a la covid-19"},"content":{"rendered":"\n<p class=\"wp-block-paragraph\">El subsecretario de Promoci\u00f3n y Prevenci\u00f3n de la Salud de M\u00e9xico, Hugo L\u00f3pez-Gatell, inform\u00f3 este s\u00e1bado que dio positivo a la covid-19.<\/p>\n\n\n\n<p class=\"wp-block-paragraph\">\u201cComparto p\u00fablicamente que tengo covid-19. Inici\u00e9 con s\u00edntomas ayer por la noche, afortunadamente son leves\u201d, afirm\u00f3 el funcionario en su cuenta oficial de Twitter.<\/p>\n\n\n\n<p class=\"wp-block-paragraph\">El zar contra el coronavirus en M\u00e9xico dijo que la prueba de ant\u00edgenos dio resultado positivo y est\u00e1 a la espera de la PCR.<\/p>\n\n\n\n<p class=\"wp-block-paragraph\">\u201cEstar\u00e9 trabajando desde casa, pendiente de la estrategia de vacunaci\u00f3n\u201d, asever\u00f3.<\/p>\n","protected":false},"excerpt":{"rendered":"<p>El subsecretario de Promoci\u00f3n y Prevenci\u00f3n de la Salud de M\u00e9xico, Hugo L\u00f3pez-Gatell, inform\u00f3 este s\u00e1bado que dio positivo a la covid-19. \u201cComparto p\u00fablicamente que tengo covid-19. Inici\u00e9 con s\u00edntomas ayer por la noche, afortunadamente son leves\u201d, afirm\u00f3 el funcionario en su cuenta oficial de Twitter. El zar contra el coronavirus en M\u00e9xico dijo que [&hellip;]<\/p>\n","protected":false},"author":80,"featured_media":153479,"comment_status":"closed","ping_status":"open","sticky":false,"template":"","format":"standard","meta":{"footnotes":""},"categories":[15,36],"tags":[],"class_list":["post-153478","post","type-post","status-publish","format-standard","has-post-thumbnail","hentry","category-destacadas","category-nacion"],"_links":{"self":[{"href":"https:\/\/plazajuarez.mx\/historico\/wp-json\/wp\/v2\/posts\/153478","targetHints":{"allow":["GET"]}}],"collection":[{"href":"https:\/\/plazajuarez.mx\/historico\/wp-json\/wp\/v2\/posts"}],"about":[{"href":"https:\/\/plazajuarez.mx\/historico\/wp-json\/wp\/v2\/types\/post"}],"author":[{"embeddable":true,"href":"https:\/\/plazajuarez.mx\/historico\/wp-json\/wp\/v2\/users\/80"}],"replies":[{"embeddable":true,"href":"https:\/\/plazajuarez.mx\/historico\/wp-json\/wp\/v2\/comments?post=153478"}],"version-history":[{"count":0,"href":"https:\/\/plazajuarez.mx\/historico\/wp-json\/wp\/v2\/posts\/153478\/revisions"}],"wp:featuredmedia":[{"embeddable":true,"href":"https:\/\/plazajuarez.mx\/historico\/wp-json\/wp\/v2\/media\/153479"}],"wp:attachment":[{"href":"https:\/\/plazajuarez.mx\/historico\/wp-json\/wp\/v2\/media?parent=153478"}],"wp:term":[{"taxonomy":"category","embeddable":true,"href":"https:\/\/plazajuarez.mx\/historico\/wp-json\/wp\/v2\/categories?post=153478"},{"taxonomy":"post_tag","embeddable":true,"href":"https:\/\/plazajuarez.mx\/historico\/wp-json\/wp\/v2\/tags?post=153478"}],"curies":[{"name":"wp","href":"https:\/\/api.w.org\/{rel}","templated":true}]}}