{"id":153430,"date":"2021-02-20T10:35:11","date_gmt":"2021-02-20T16:35:11","guid":{"rendered":"https:\/\/plazajuarez.mx\/?p=153430"},"modified":"2021-02-20T10:35:30","modified_gmt":"2021-02-20T16:35:30","slug":"rumbo-a-elecciones-diputados-comienzan-a-manifestar-interes","status":"publish","type":"post","link":"https:\/\/plazajuarez.mx\/historico\/rumbo-a-elecciones-diputados-comienzan-a-manifestar-interes\/","title":{"rendered":"Rumbo a elecciones, diputados comienzan a manifestar inter\u00e9s"},"content":{"rendered":"\n<p>El presidente de la Junta de Gobierno del Congreso Local de la LXIV Legislatura de Hidalgo, Asael Hern\u00e1ndez Cer\u00f3n se\u00f1al\u00f3 que ante la cercan\u00eda del proceso electoral, algunos diputados han manifestado intenciones de participar en las elecciones.<\/p>\n\n\n\n<p>En entrevista para el programa \u201cAl Aire\u201d del Sistema de Radio y Televisi\u00f3n de Hidalgo dijo \u201chay algunas manifestaciones, principalmente de los que van a todas, no dudamos que lo hagan, han abandonado varias veces el congreso sin dar el resultado que deben a la ciudadan\u00eda\u201d.<\/p>\n\n\n\n<p>Agreg\u00f3 \u201cseguramente lo van a intentar sobre todo los de MORENA y no dudo que esta vez&nbsp; sea la excepci\u00f3n, es un derecho que asiste la Constituci\u00f3n y la ley, pero moralmente deber\u00edan cumplir con el compromiso de cara a los hidalguenses antes de retirarse\u201d.<\/p>\n\n\n\n<p>En tanto detall\u00f3 la propuesta del grupo legislativo de Acci\u00f3n Nacional (PAN) para frenar los abusos de funcionarios p\u00fablicos en tiempos de pandemia, en el aspecto de vacunaci\u00f3n, pues algunos de ellos buscan privilegios por ostentar cargos p\u00fablicos.<\/p>\n\n\n\n<p>El legislador panista indic\u00f3 \u201ces algo insensible tratar de controlar pol\u00edticamente a trav\u00e9s de esta vacuna por parte del gobierno federal, es lamentable, dif\u00edcil de concebir y entender, c\u00f3mo alguien que no tiene sensibilidad y mucho menos amor al pr\u00f3jimo pueda actuar de esta manera\u201d.<\/p>\n\n\n\n<p>A\u00f1adi\u00f3 \u201chay personajes que por ostentar un cargo, abusan, y en salud quienes est\u00e1n dando la pelea diaria se quejan que mientras otros no exponen su vida est\u00e1n siendo vacunados por ostentar un cargo y nuestros m\u00e9dicos y enfermeras, que rifan el f\u00edsico para salvar vidas de infectados se queden relegados por no estar en posici\u00f3n privilegiada\u201d.<\/p>\n\n\n\n<p>En ese sentido indic\u00f3 que la propuesta legislativa del blanquiazul radica en imponer un castigo y cesar del cargo a quienes hagan mal uso de vacunas \u201calgo que no concibo y se ve a todas las luces es el actuar a trav\u00e9s de la delegaci\u00f3n de Bienestar que vacunen a los servidores de la naci\u00f3n primero, no es la primera vez que se da una incongruencia entre lo que se dice y se hace, es una estructura pol\u00edtica el hecho de que los programas sociales se manipulen\u201d.<\/p>\n","protected":false},"excerpt":{"rendered":"<p>El presidente de la Junta de Gobierno del Congreso Local de la LXIV Legislatura de Hidalgo, Asael Hern\u00e1ndez Cer\u00f3n se\u00f1al\u00f3 que ante la cercan\u00eda del proceso electoral, algunos diputados han manifestado intenciones de participar en las elecciones. En entrevista para el programa \u201cAl Aire\u201d del Sistema de Radio y Televisi\u00f3n de Hidalgo dijo \u201chay algunas [&hellip;]<\/p>\n","protected":false},"author":73,"featured_media":153431,"comment_status":"closed","ping_status":"open","sticky":false,"template":"","format":"standard","meta":{"footnotes":""},"categories":[59],"tags":[],"class_list":["post-153430","post","type-post","status-publish","format-standard","has-post-thumbnail","hentry","category-general"],"_links":{"self":[{"href":"https:\/\/plazajuarez.mx\/historico\/wp-json\/wp\/v2\/posts\/153430","targetHints":{"allow":["GET"]}}],"collection":[{"href":"https:\/\/plazajuarez.mx\/historico\/wp-json\/wp\/v2\/posts"}],"about":[{"href":"https:\/\/plazajuarez.mx\/historico\/wp-json\/wp\/v2\/types\/post"}],"author":[{"embeddable":true,"href":"https:\/\/plazajuarez.mx\/historico\/wp-json\/wp\/v2\/users\/73"}],"replies":[{"embeddable":true,"href":"https:\/\/plazajuarez.mx\/historico\/wp-json\/wp\/v2\/comments?post=153430"}],"version-history":[{"count":0,"href":"https:\/\/plazajuarez.mx\/historico\/wp-json\/wp\/v2\/posts\/153430\/revisions"}],"wp:featuredmedia":[{"embeddable":true,"href":"https:\/\/plazajuarez.mx\/historico\/wp-json\/wp\/v2\/media\/153431"}],"wp:attachment":[{"href":"https:\/\/plazajuarez.mx\/historico\/wp-json\/wp\/v2\/media?parent=153430"}],"wp:term":[{"taxonomy":"category","embeddable":true,"href":"https:\/\/plazajuarez.mx\/historico\/wp-json\/wp\/v2\/categories?post=153430"},{"taxonomy":"post_tag","embeddable":true,"href":"https:\/\/plazajuarez.mx\/historico\/wp-json\/wp\/v2\/tags?post=153430"}],"curies":[{"name":"wp","href":"https:\/\/api.w.org\/{rel}","templated":true}]}}