{"id":153426,"date":"2021-02-20T10:31:18","date_gmt":"2021-02-20T16:31:18","guid":{"rendered":"https:\/\/plazajuarez.mx\/?p=153426"},"modified":"2021-02-20T10:31:29","modified_gmt":"2021-02-20T16:31:29","slug":"deber-patriotico-y-solidaridad-valores-del-ejercito-fayad","status":"publish","type":"post","link":"https:\/\/plazajuarez.mx\/historico\/deber-patriotico-y-solidaridad-valores-del-ejercito-fayad\/","title":{"rendered":"DEBER PATRI\u00d3TICO Y SOLIDARIDAD, VALORES DEL EJ\u00c9RCITO: FAYAD"},"content":{"rendered":"\n<p>En el marco del 108 aniversario del D\u00eda del Ej\u00e9rcito Mexicano, el gobernador Omar Fayad expres\u00f3 su reconocimiento a quienes integran la instituci\u00f3n, por el cumplimiento de su deber patri\u00f3tico y por la invaluable labor en favor de M\u00e9xico durante la pandemia.<\/p>\n\n\n\n<p>El mandatario hidalguense acompa\u00f1\u00f3 al presidente Andr\u00e9s Manuel L\u00f3pez Obrador al acto c\u00edvico celebrado en las instalaciones de la 37a Zona Militar en Santa Luc\u00eda, en donde se rindi\u00f3 homenaje a las mujeres y a los hombres del instituto castrense.<\/p>\n\n\n\n<p>Fayad destac\u00f3 el compromiso y la solidaridad del Ej\u00e9rcito con el bienestar de los mexicanos, al participar activamente en el traslado, custodia y aplicaci\u00f3n de las vacunas.<\/p>\n\n\n\n<p>En coordinaci\u00f3n con el Gobierno de M\u00e9xico y la Secretar\u00eda de la Defensa Nacional, en Hidalgo se ampli\u00f3 la infraestructura hospitalaria durante la pandemia.<\/p>\n","protected":false},"excerpt":{"rendered":"<p>En el marco del 108 aniversario del D\u00eda del Ej\u00e9rcito Mexicano, el gobernador Omar Fayad expres\u00f3 su reconocimiento a quienes integran la instituci\u00f3n, por el cumplimiento de su deber patri\u00f3tico y por la invaluable labor en favor de M\u00e9xico durante la pandemia. El mandatario hidalguense acompa\u00f1\u00f3 al presidente Andr\u00e9s Manuel L\u00f3pez Obrador al acto c\u00edvico [&hellip;]<\/p>\n","protected":false},"author":93,"featured_media":153427,"comment_status":"closed","ping_status":"open","sticky":false,"template":"","format":"standard","meta":{"footnotes":""},"categories":[59],"tags":[],"class_list":["post-153426","post","type-post","status-publish","format-standard","has-post-thumbnail","hentry","category-general"],"_links":{"self":[{"href":"https:\/\/plazajuarez.mx\/historico\/wp-json\/wp\/v2\/posts\/153426","targetHints":{"allow":["GET"]}}],"collection":[{"href":"https:\/\/plazajuarez.mx\/historico\/wp-json\/wp\/v2\/posts"}],"about":[{"href":"https:\/\/plazajuarez.mx\/historico\/wp-json\/wp\/v2\/types\/post"}],"author":[{"embeddable":true,"href":"https:\/\/plazajuarez.mx\/historico\/wp-json\/wp\/v2\/users\/93"}],"replies":[{"embeddable":true,"href":"https:\/\/plazajuarez.mx\/historico\/wp-json\/wp\/v2\/comments?post=153426"}],"version-history":[{"count":0,"href":"https:\/\/plazajuarez.mx\/historico\/wp-json\/wp\/v2\/posts\/153426\/revisions"}],"wp:featuredmedia":[{"embeddable":true,"href":"https:\/\/plazajuarez.mx\/historico\/wp-json\/wp\/v2\/media\/153427"}],"wp:attachment":[{"href":"https:\/\/plazajuarez.mx\/historico\/wp-json\/wp\/v2\/media?parent=153426"}],"wp:term":[{"taxonomy":"category","embeddable":true,"href":"https:\/\/plazajuarez.mx\/historico\/wp-json\/wp\/v2\/categories?post=153426"},{"taxonomy":"post_tag","embeddable":true,"href":"https:\/\/plazajuarez.mx\/historico\/wp-json\/wp\/v2\/tags?post=153426"}],"curies":[{"name":"wp","href":"https:\/\/api.w.org\/{rel}","templated":true}]}}