{"id":152876,"date":"2021-02-16T09:26:26","date_gmt":"2021-02-16T15:26:26","guid":{"rendered":"https:\/\/plazajuarez.mx\/?p=152876"},"modified":"2021-02-16T09:35:27","modified_gmt":"2021-02-16T15:35:27","slug":"turquia-acusa-a-eu-de-dar-armas-al-pkk-en-irak","status":"publish","type":"post","link":"https:\/\/plazajuarez.mx\/historico\/turquia-acusa-a-eu-de-dar-armas-al-pkk-en-irak\/","title":{"rendered":"Turqu\u00eda acusa a EU de dar armas al PKK en Irak"},"content":{"rendered":"\n<p>EFE.- El presidente turco, Recep Tayyip Erdogan, acus\u00f3 ayer a Washington de haber entregado &#8220;camiones de munici\u00f3n&#8221; al proscrito Partido de Trabajadores de Kurdist\u00e1n (PKK), \u201capoya a &#8220;terroristas&#8221;.<\/p>\n\n\n\n<p>&#8220;Hay una declaraci\u00f3n de EU, es una farsa. \u00bfPero ustedes no estaban en el bando del PKK y el YPG? \u00a1Y tanto que est\u00e1is con ellos!&#8221;, exclam\u00f3 Erdogan en referencia a la milicia kurda en el norte de Siria, que mantiene estrechos v\u00ednculos con el PKK.<\/p>\n\n\n\n<p>\u201cHan llevado miles de camiones, de tanques, han llevado munici\u00f3n y se la han entregado a los terroristas, quienes combaten contra nuestras fuerzas de seguridad&#8221;, dijo Erdogan en un encuentro virtual con su partido.<\/p>\n","protected":false},"excerpt":{"rendered":"<p>EFE.- El presidente turco, Recep Tayyip Erdogan, acus\u00f3 ayer a Washington de haber entregado &#8220;camiones de munici\u00f3n&#8221; al proscrito Partido de Trabajadores de Kurdist\u00e1n (PKK), \u201capoya a &#8220;terroristas&#8221;. &#8220;Hay una declaraci\u00f3n de EU, es una farsa. \u00bfPero ustedes no estaban en el bando del PKK y el YPG? \u00a1Y tanto que est\u00e1is con ellos!&#8221;, exclam\u00f3 [&hellip;]<\/p>\n","protected":false},"author":80,"featured_media":152878,"comment_status":"closed","ping_status":"open","sticky":false,"template":"","format":"standard","meta":{"footnotes":""},"categories":[31],"tags":[],"class_list":["post-152876","post","type-post","status-publish","format-standard","has-post-thumbnail","hentry","category-orbe"],"_links":{"self":[{"href":"https:\/\/plazajuarez.mx\/historico\/wp-json\/wp\/v2\/posts\/152876","targetHints":{"allow":["GET"]}}],"collection":[{"href":"https:\/\/plazajuarez.mx\/historico\/wp-json\/wp\/v2\/posts"}],"about":[{"href":"https:\/\/plazajuarez.mx\/historico\/wp-json\/wp\/v2\/types\/post"}],"author":[{"embeddable":true,"href":"https:\/\/plazajuarez.mx\/historico\/wp-json\/wp\/v2\/users\/80"}],"replies":[{"embeddable":true,"href":"https:\/\/plazajuarez.mx\/historico\/wp-json\/wp\/v2\/comments?post=152876"}],"version-history":[{"count":0,"href":"https:\/\/plazajuarez.mx\/historico\/wp-json\/wp\/v2\/posts\/152876\/revisions"}],"wp:featuredmedia":[{"embeddable":true,"href":"https:\/\/plazajuarez.mx\/historico\/wp-json\/wp\/v2\/media\/152878"}],"wp:attachment":[{"href":"https:\/\/plazajuarez.mx\/historico\/wp-json\/wp\/v2\/media?parent=152876"}],"wp:term":[{"taxonomy":"category","embeddable":true,"href":"https:\/\/plazajuarez.mx\/historico\/wp-json\/wp\/v2\/categories?post=152876"},{"taxonomy":"post_tag","embeddable":true,"href":"https:\/\/plazajuarez.mx\/historico\/wp-json\/wp\/v2\/tags?post=152876"}],"curies":[{"name":"wp","href":"https:\/\/api.w.org\/{rel}","templated":true}]}}