{"id":152825,"date":"2021-02-16T06:00:00","date_gmt":"2021-02-16T12:00:00","guid":{"rendered":"https:\/\/plazajuarez.mx\/?p=152825"},"modified":"2021-02-15T22:16:44","modified_gmt":"2021-02-16T04:16:44","slug":"laguna-de-voces-703","status":"publish","type":"post","link":"https:\/\/plazajuarez.mx\/historico\/laguna-de-voces-703\/","title":{"rendered":"LAGUNA DE VOCES"},"content":{"rendered":"\n<h2 class=\"wp-block-heading\">Tiempos de compasi\u00f3n<\/h2>\n\n\n\n<p>A donde quiera que vaya el coraz\u00f3n en estos tiempos, ayudar\u00e1 a que alguien pueda morir en paz, sobrevivir y buscar la esperanza en los ojos de las personas que se ama, rescatar el olvido como luz de luna para intercambiar los bienes de la alegr\u00eda, o simplemente saberse recordado a la hora nona en que se cruza el umbral de la muerte sin la tristeza de que nadie acompa\u00f1a con sus recuerdos.<\/p>\n\n\n\n<p>Como nunca es vital abrir los brazos a la primigenia capacidad que heredamos del abuelo, mam\u00e1 y pap\u00e1, siempre dispuestos a cuidar que el camino de la existencia no fuera tan duro y complicado para sus descendientes. Hoy todos los seres humanos son descendientes de los que a\u00fan caminan por los mosaicos de sus casas, el pasto de sus jardines, el cemento de las calles si salen por el trabajo.<\/p>\n\n\n\n<p>Han muerto demasiados, con todo y que no hay cantidad que por lo menos disminuya el dolor y la pesadumbre. Por eso es que m\u00e1s all\u00e1 de las politiquer\u00edas hoy tan de moda en el pa\u00eds, queda la voluntad de cada persona no enferma para ejercer la compasi\u00f3n que no es tener l\u00e1stima del pr\u00f3jimo, sino ponerse en su lugar y sentir su sufrimiento.<\/p>\n\n\n\n<p>Sentir compasi\u00f3n es similar a la empat\u00eda, porque si usted se acuerda en la hora de la muerte el hombre crucificado tuvo ese sentimiento por la doliente humanidad. Y fue el dolor de todos el que sinti\u00f3, el que dio origen a su propio legado, el m\u00e1s valioso porque estuvo lleno de compasi\u00f3n.<\/p>\n\n\n\n<p>Siempre le insistir\u00e9 que los hombres del poder desconocen que a trav\u00e9s de la compasi\u00f3n ser\u00eda posible crear una sociedad m\u00e1s justa, con futuro para todos, con esperanza para los que la han perdido.<\/p>\n\n\n\n<p>Por todo lo anterior en estos tiempos de angustia, que la compasi\u00f3n nos lleve al coraz\u00f3n de cada semejante; que la compasi\u00f3n nos haga ser el otro, la otra, para sentir su pena o alegr\u00eda, para saber antes que nada de su camino por la existencia con la humildad absoluta del que transforma la preocupaci\u00f3n en acci\u00f3n.<\/p>\n\n\n\n<p>M\u00e1s all\u00e1 de todo el horizonte de lodo que siempre rodea los momentos cr\u00edticos de una sociedad, admire la sabia armon\u00eda del universo en las noches fr\u00edas que abundan en estos d\u00edas, sepa que en esa inmensidad de estrellas, galaxias y universos (que dicen hay muchos), alguien se compadece de nosotros, compadece de compasi\u00f3n, es decir que sabe de nuestra angustia y espera que ese sentimiento de una vez y para siempre se quede entre cada integrante de esta humanidad hoy doliente, pero dispuesta a dar el paso vital para encontrarse en el otro.<\/p>\n\n\n\n<p>Mil gracias, hasta ma\u00f1ana.<\/p>\n\n\n\n<p><a href=\"mailto:jeperalta@plazajuarez.mx\/historico\/historico\">jeperalta@plazajuarez.mx\/historico\/historico<\/a><\/p>\n\n\n\n<p>@JavierEPeralta<\/p>\n","protected":false},"excerpt":{"rendered":"<p>Tiempos de compasi\u00f3n A donde quiera que vaya el coraz\u00f3n en estos tiempos, ayudar\u00e1 a que alguien pueda morir en paz, sobrevivir y buscar la esperanza en los ojos de las personas que se ama, rescatar el olvido como luz de luna para intercambiar los bienes de la alegr\u00eda, o simplemente saberse recordado a la [&hellip;]<\/p>\n","protected":false},"author":10,"featured_media":0,"comment_status":"closed","ping_status":"open","sticky":false,"template":"","format":"standard","meta":{"footnotes":""},"categories":[49,42],"tags":[],"class_list":["post-152825","post","type-post","status-publish","format-standard","hentry","category-javier-peralta","category-nuestrapalabra"],"_links":{"self":[{"href":"https:\/\/plazajuarez.mx\/historico\/wp-json\/wp\/v2\/posts\/152825","targetHints":{"allow":["GET"]}}],"collection":[{"href":"https:\/\/plazajuarez.mx\/historico\/wp-json\/wp\/v2\/posts"}],"about":[{"href":"https:\/\/plazajuarez.mx\/historico\/wp-json\/wp\/v2\/types\/post"}],"author":[{"embeddable":true,"href":"https:\/\/plazajuarez.mx\/historico\/wp-json\/wp\/v2\/users\/10"}],"replies":[{"embeddable":true,"href":"https:\/\/plazajuarez.mx\/historico\/wp-json\/wp\/v2\/comments?post=152825"}],"version-history":[{"count":0,"href":"https:\/\/plazajuarez.mx\/historico\/wp-json\/wp\/v2\/posts\/152825\/revisions"}],"wp:attachment":[{"href":"https:\/\/plazajuarez.mx\/historico\/wp-json\/wp\/v2\/media?parent=152825"}],"wp:term":[{"taxonomy":"category","embeddable":true,"href":"https:\/\/plazajuarez.mx\/historico\/wp-json\/wp\/v2\/categories?post=152825"},{"taxonomy":"post_tag","embeddable":true,"href":"https:\/\/plazajuarez.mx\/historico\/wp-json\/wp\/v2\/tags?post=152825"}],"curies":[{"name":"wp","href":"https:\/\/api.w.org\/{rel}","templated":true}]}}