{"id":152788,"date":"2021-02-15T11:51:00","date_gmt":"2021-02-15T17:51:00","guid":{"rendered":"https:\/\/plazajuarez.mx\/?p=152788"},"modified":"2021-02-15T11:51:12","modified_gmt":"2021-02-15T17:51:12","slug":"inicia-vacunacion-para-adultos-mayores-en-la-huasteca","status":"publish","type":"post","link":"https:\/\/plazajuarez.mx\/historico\/inicia-vacunacion-para-adultos-mayores-en-la-huasteca\/","title":{"rendered":"Inicia vacunaci\u00f3n para adultos mayores en la Huasteca"},"content":{"rendered":"\n<p class=\"wp-block-paragraph\"><strong>Huejutla<\/strong> <\/p>\n\n\n\n<p class=\"wp-block-paragraph\">Este lunes dio inicio la vacunacion para adultos mayores frente a las instalaciones de la Jurisdicci\u00f3n sanitaria 10 de Huejutla.<\/p>\n\n\n\n<p class=\"wp-block-paragraph\">La concentraci\u00f3n inicial se realiza en una galera ubicada en la colonia La Lomita y posteriormente se trasladan a la Jurisdicci\u00f3n Sanitaria X para la inoculaci\u00f3n.<\/p>\n\n\n\n<p class=\"wp-block-paragraph\">En su reciente visita a la huasteca el Secretario de Salud de Hidalgo se\u00f1al\u00f3 que estaban disponibles aproximadamente 22 mil vacunas para Huejutla, Atlapexco y Villa de Tezontepec.<\/p>\n\n\n\n<p class=\"wp-block-paragraph\">A pesar de las bajas temperaturas cientos de adultos mayores esperan para ser vacunados.<\/p>\n\n\n\n<p class=\"wp-block-paragraph\"><\/p>\n","protected":false},"excerpt":{"rendered":"<p>Huejutla Este lunes dio inicio la vacunacion para adultos mayores frente a las instalaciones de la Jurisdicci\u00f3n sanitaria 10 de Huejutla. La concentraci\u00f3n inicial se realiza en una galera ubicada en la colonia La Lomita y posteriormente se trasladan a la Jurisdicci\u00f3n Sanitaria X para la inoculaci\u00f3n. En su reciente visita a la huasteca el [&hellip;]<\/p>\n","protected":false},"author":76,"featured_media":152789,"comment_status":"closed","ping_status":"open","sticky":false,"template":"","format":"standard","meta":{"footnotes":""},"categories":[15,40],"tags":[],"class_list":["post-152788","post","type-post","status-publish","format-standard","has-post-thumbnail","hentry","category-destacadas","category-region"],"_links":{"self":[{"href":"https:\/\/plazajuarez.mx\/historico\/wp-json\/wp\/v2\/posts\/152788","targetHints":{"allow":["GET"]}}],"collection":[{"href":"https:\/\/plazajuarez.mx\/historico\/wp-json\/wp\/v2\/posts"}],"about":[{"href":"https:\/\/plazajuarez.mx\/historico\/wp-json\/wp\/v2\/types\/post"}],"author":[{"embeddable":true,"href":"https:\/\/plazajuarez.mx\/historico\/wp-json\/wp\/v2\/users\/76"}],"replies":[{"embeddable":true,"href":"https:\/\/plazajuarez.mx\/historico\/wp-json\/wp\/v2\/comments?post=152788"}],"version-history":[{"count":0,"href":"https:\/\/plazajuarez.mx\/historico\/wp-json\/wp\/v2\/posts\/152788\/revisions"}],"wp:featuredmedia":[{"embeddable":true,"href":"https:\/\/plazajuarez.mx\/historico\/wp-json\/wp\/v2\/media\/152789"}],"wp:attachment":[{"href":"https:\/\/plazajuarez.mx\/historico\/wp-json\/wp\/v2\/media?parent=152788"}],"wp:term":[{"taxonomy":"category","embeddable":true,"href":"https:\/\/plazajuarez.mx\/historico\/wp-json\/wp\/v2\/categories?post=152788"},{"taxonomy":"post_tag","embeddable":true,"href":"https:\/\/plazajuarez.mx\/historico\/wp-json\/wp\/v2\/tags?post=152788"}],"curies":[{"name":"wp","href":"https:\/\/api.w.org\/{rel}","templated":true}]}}