{"id":152160,"date":"2021-02-11T08:15:55","date_gmt":"2021-02-11T14:15:55","guid":{"rendered":"https:\/\/plazajuarez.mx\/?p=152160"},"modified":"2021-02-11T08:16:06","modified_gmt":"2021-02-11T14:16:06","slug":"tres-muertos-en-fatal-accidente-carretero","status":"publish","type":"post","link":"https:\/\/plazajuarez.mx\/historico\/tres-muertos-en-fatal-accidente-carretero\/","title":{"rendered":"Tres muertos en fatal accidente carretero"},"content":{"rendered":"\n<p><strong>Zempoala, Hgo.-<\/strong> Tres muertos y dos personas heridas entre ellas un menor de edad en estado grave, es el resultado de un fat\u00eddico accidente carretero.<\/p>\n\n\n\n<p>Los hechos que fueran reportados en horas de la noche, por pobladores de la comunidad de Acelotla, municipio de Zempoala, quienes llamaron al C2 de Seguridad P\u00fablica de este municipio, pidieron el apoyo de ambulancias ya que se hab\u00eda suscitado un fuerte accidente en la carretera federal M\u00e9xico Tulancingo en el kil\u00f3metro 53.<\/p>\n\n\n\n<p>Tras la llegada al lugar del incidente, los polic\u00edas Municipales, localizaron un veh\u00edculo volteado completamente deshecho y con dos cuerpos prensados correspondientes a dos mujeres y un tercero de un hombre tirado sobre la cinta asf\u00e1ltica, asimismo los param\u00e9dicos que acudieron al citado lugar al revisar a las personas las diagnosticaron sin signos vitales.<\/p>\n\n\n\n<p>Durante el rescate del interior de la unidad motriz, sacaron con vida a una mujer la cual fue trasladada a la cl\u00ednica del IMSS de Ciudad Sahag\u00fan, con heridas de consideraci\u00f3n, as\u00ed como a un menor el cual fue enviado en estado grave a la ciudad de Pachuca para su atenci\u00f3n m\u00e9dica<\/p>\n","protected":false},"excerpt":{"rendered":"<p>Zempoala, Hgo.- Tres muertos y dos personas heridas entre ellas un menor de edad en estado grave, es el resultado de un fat\u00eddico accidente carretero. Los hechos que fueran reportados en horas de la noche, por pobladores de la comunidad de Acelotla, municipio de Zempoala, quienes llamaron al C2 de Seguridad P\u00fablica de este municipio, [&hellip;]<\/p>\n","protected":false},"author":93,"featured_media":152161,"comment_status":"closed","ping_status":"open","sticky":false,"template":"","format":"standard","meta":{"footnotes":""},"categories":[15,40],"tags":[],"class_list":["post-152160","post","type-post","status-publish","format-standard","has-post-thumbnail","hentry","category-destacadas","category-region"],"_links":{"self":[{"href":"https:\/\/plazajuarez.mx\/historico\/wp-json\/wp\/v2\/posts\/152160","targetHints":{"allow":["GET"]}}],"collection":[{"href":"https:\/\/plazajuarez.mx\/historico\/wp-json\/wp\/v2\/posts"}],"about":[{"href":"https:\/\/plazajuarez.mx\/historico\/wp-json\/wp\/v2\/types\/post"}],"author":[{"embeddable":true,"href":"https:\/\/plazajuarez.mx\/historico\/wp-json\/wp\/v2\/users\/93"}],"replies":[{"embeddable":true,"href":"https:\/\/plazajuarez.mx\/historico\/wp-json\/wp\/v2\/comments?post=152160"}],"version-history":[{"count":0,"href":"https:\/\/plazajuarez.mx\/historico\/wp-json\/wp\/v2\/posts\/152160\/revisions"}],"wp:featuredmedia":[{"embeddable":true,"href":"https:\/\/plazajuarez.mx\/historico\/wp-json\/wp\/v2\/media\/152161"}],"wp:attachment":[{"href":"https:\/\/plazajuarez.mx\/historico\/wp-json\/wp\/v2\/media?parent=152160"}],"wp:term":[{"taxonomy":"category","embeddable":true,"href":"https:\/\/plazajuarez.mx\/historico\/wp-json\/wp\/v2\/categories?post=152160"},{"taxonomy":"post_tag","embeddable":true,"href":"https:\/\/plazajuarez.mx\/historico\/wp-json\/wp\/v2\/tags?post=152160"}],"curies":[{"name":"wp","href":"https:\/\/api.w.org\/{rel}","templated":true}]}}