{"id":152134,"date":"2021-02-11T06:00:00","date_gmt":"2021-02-11T12:00:00","guid":{"rendered":"https:\/\/plazajuarez.mx\/?p=152134"},"modified":"2021-02-10T22:58:58","modified_gmt":"2021-02-11T04:58:58","slug":"laguna-de-voces-702","status":"publish","type":"post","link":"https:\/\/plazajuarez.mx\/historico\/laguna-de-voces-702\/","title":{"rendered":"LAGUNA DE VOCES"},"content":{"rendered":"\n<h2 class=\"wp-block-heading\"><strong>Vivir para esperar vivir la vida<\/strong><\/h2>\n\n\n\n<p>El m\u00fasico olvid\u00f3 c\u00f3mo pod\u00eda leer un pentagrama; la chef no daba con ninguna combinaci\u00f3n para dar vida a los platillos que le hab\u00edan dado fama; el mesero se confund\u00eda con la comanda y entregaba pollo cuando alguien le hab\u00eda pedido pescado; el profesor no sab\u00eda si estaba en la realidad o en la internet; el futbolista recitaba poemas en lugar de meter goles. Todo estaba hecho un desastre cuando la pandemia termin\u00f3, porque el olvido reinaba en el pa\u00eds, olvido no solo de sus profesiones u oficios, sino del motivo por el cual las ciudades luc\u00edan presa de eso, del olvido.<\/p>\n\n\n\n<p>Cada uno de los pol\u00edticos por supuesto aprovecharon para asegurar que nunca hab\u00edan hecho promesas o compromisos de ning\u00fan tipo. Sin memoria resultaba m\u00e1s f\u00e1cil ejercer su eterna profesi\u00f3n, consistente precisamente en contagiar ya no el virus, sino una amnesia eterna.<\/p>\n\n\n\n<p>La pandemia hab\u00eda dejado como legado para futuras generaciones el olvido, y de alguna manera pod\u00eda ser usado ya no solo por los del poder, sino toda la sociedad que estaba urgida de motivos para empezar de cero las cosas.<\/p>\n\n\n\n<p>Luego del 20-21-22 y 23, el concepto de vida tuvo un cambio notable, porque pese a las vacunas y el evidente control de la pandemia, una inmensa mayor\u00eda decidi\u00f3 que en cualquier momento pod\u00edan caer muertos, por lo que el vivir d\u00eda por d\u00eda y con todo lo que se tuviera a la mano, trajo como consecuencia que todos se desentendieran de sus obligaciones y por lo tanto se generara un caos del que no habr\u00eda forma de salir sino hasta los diez a\u00f1os pasada esa condici\u00f3n.<\/p>\n\n\n\n<p>Poco a poco se tendr\u00eda que regresar a lo de antes, pero la popularidad que tuvo la muerte en tan poco tiempo la convirti\u00f3 en uno de los personajes m\u00e1s queridos, m\u00e1s requeridos para justificar no ten\u00eda sentido alguno prepararse para un futuro que simplemente ya no exist\u00eda.<\/p>\n\n\n\n<p>Y con todo y la oposici\u00f3n de muchos que aseguraban que la vida era para vivirla, de manera irremediable se volvi\u00f3 a implantar la filosof\u00eda de que la vida no era precisamente para ser vivida, sino para preparar recursos, propiedades, fama incluso, para despu\u00e9s, ah\u00ed s\u00ed vivirla.<\/p>\n\n\n\n<p>La normalidad de nuevo fue esa: vivir para esperar el momento exacto para vivir. Es decir nunca.<\/p>\n\n\n\n<p>Mil gracias, hasta ma\u00f1ana.<\/p>\n\n\n\n<p>jeperalta@plazajurez.mx<\/p>\n\n\n\n<p>@JavierEPeralta<\/p>\n","protected":false},"excerpt":{"rendered":"<p>Vivir para esperar vivir la vida El m\u00fasico olvid\u00f3 c\u00f3mo pod\u00eda leer un pentagrama; la chef no daba con ninguna combinaci\u00f3n para dar vida a los platillos que le hab\u00edan dado fama; el mesero se confund\u00eda con la comanda y entregaba pollo cuando alguien le hab\u00eda pedido pescado; el profesor no sab\u00eda si estaba en [&hellip;]<\/p>\n","protected":false},"author":10,"featured_media":0,"comment_status":"closed","ping_status":"open","sticky":false,"template":"","format":"standard","meta":{"footnotes":""},"categories":[49,42],"tags":[],"class_list":["post-152134","post","type-post","status-publish","format-standard","hentry","category-javier-peralta","category-nuestrapalabra"],"_links":{"self":[{"href":"https:\/\/plazajuarez.mx\/historico\/wp-json\/wp\/v2\/posts\/152134","targetHints":{"allow":["GET"]}}],"collection":[{"href":"https:\/\/plazajuarez.mx\/historico\/wp-json\/wp\/v2\/posts"}],"about":[{"href":"https:\/\/plazajuarez.mx\/historico\/wp-json\/wp\/v2\/types\/post"}],"author":[{"embeddable":true,"href":"https:\/\/plazajuarez.mx\/historico\/wp-json\/wp\/v2\/users\/10"}],"replies":[{"embeddable":true,"href":"https:\/\/plazajuarez.mx\/historico\/wp-json\/wp\/v2\/comments?post=152134"}],"version-history":[{"count":0,"href":"https:\/\/plazajuarez.mx\/historico\/wp-json\/wp\/v2\/posts\/152134\/revisions"}],"wp:attachment":[{"href":"https:\/\/plazajuarez.mx\/historico\/wp-json\/wp\/v2\/media?parent=152134"}],"wp:term":[{"taxonomy":"category","embeddable":true,"href":"https:\/\/plazajuarez.mx\/historico\/wp-json\/wp\/v2\/categories?post=152134"},{"taxonomy":"post_tag","embeddable":true,"href":"https:\/\/plazajuarez.mx\/historico\/wp-json\/wp\/v2\/tags?post=152134"}],"curies":[{"name":"wp","href":"https:\/\/api.w.org\/{rel}","templated":true}]}}