{"id":152133,"date":"2021-02-11T06:00:00","date_gmt":"2021-02-11T12:00:00","guid":{"rendered":"https:\/\/plazajuarez.mx\/?p=152133"},"modified":"2021-02-10T22:52:14","modified_gmt":"2021-02-11T04:52:14","slug":"en-canada-somos-afortunados-hay-orden-ante-pandemia-maria-jose","status":"publish","type":"post","link":"https:\/\/plazajuarez.mx\/historico\/en-canada-somos-afortunados-hay-orden-ante-pandemia-maria-jose\/","title":{"rendered":"\u201cEn Canad\u00e1 somos afortunados, hay orden ante pandemia\u201d: Mar\u00eda Jos\u00e9"},"content":{"rendered":"\n<p>Mar\u00eda Jos\u00e9, mexicana nacida en Tehuac\u00e1n, Puebla, radica desde hace tres a\u00f1os en Vancouver, Canad\u00e1, y asegura que ante la pandemia \u201chemos sido afortunados no hay tanta psicosis como en M\u00e9xico y est\u00e1 m\u00e1s controlado que en M\u00e9xico, todo est\u00e1 claro, lo que hay que hacer y&nbsp; nos sentimos protegidos\u201d.<\/p>\n\n\n\n<p>Se\u00f1al\u00f3 que si es necesario realizar la prueba r\u00e1pida se aplica y en 24 horas se entrega el resultado, sin embargo existe compromiso en la ciudadan\u00eda: \u201chay mucha responsabilidad, todos cuid\u00e1ndonos, no saliendo, evitando fiestas, hay contaminados pero es muy focalizado d\u00f3nde est\u00e1 la epidemia\u201d.<\/p>\n\n\n\n<p>Puntualiz\u00f3 que existen negocios y restaurantes que tuvieron que cerrar sin embargo el gobierno canadiense est\u00e1 brindando apoyo financiero, dependiendo del nivel econ\u00f3mico de cada empresario.<\/p>\n\n\n\n<p>Respecto a la atenci\u00f3n m\u00e9dica, Mar\u00eda Jos\u00e9 destac\u00f3 que las personas que trabajan est\u00e1n cubiertas con un seguro, y qui\u00e9n no est\u00e9 en esta posici\u00f3n recibe servicio m\u00e9dico de calidad totalmente cubierto por el gobierno; \u201cme siento muy segura, soy afortunada de estar ac\u00e1\u201d<\/p>\n\n\n\n<p>En cuanto a la vacunaci\u00f3n, apunt\u00f3 que se desarrolla en cuatro fases, y la \u00faltima se estima sea en agosto; mientras que en el tema educativo detall\u00f3 que es opcional, es decir, puede ser presencial o en l\u00ednea.<\/p>\n","protected":false},"excerpt":{"rendered":"<p>Mar\u00eda Jos\u00e9, mexicana nacida en Tehuac\u00e1n, Puebla, radica desde hace tres a\u00f1os en Vancouver, Canad\u00e1, y asegura que ante la pandemia \u201chemos sido afortunados no hay tanta psicosis como en M\u00e9xico y est\u00e1 m\u00e1s controlado que en M\u00e9xico, todo est\u00e1 claro, lo que hay que hacer y&nbsp; nos sentimos protegidos\u201d. Se\u00f1al\u00f3 que si es necesario [&hellip;]<\/p>\n","protected":false},"author":73,"featured_media":0,"comment_status":"closed","ping_status":"open","sticky":false,"template":"","format":"standard","meta":{"footnotes":""},"categories":[59],"tags":[],"class_list":["post-152133","post","type-post","status-publish","format-standard","hentry","category-general"],"_links":{"self":[{"href":"https:\/\/plazajuarez.mx\/historico\/wp-json\/wp\/v2\/posts\/152133","targetHints":{"allow":["GET"]}}],"collection":[{"href":"https:\/\/plazajuarez.mx\/historico\/wp-json\/wp\/v2\/posts"}],"about":[{"href":"https:\/\/plazajuarez.mx\/historico\/wp-json\/wp\/v2\/types\/post"}],"author":[{"embeddable":true,"href":"https:\/\/plazajuarez.mx\/historico\/wp-json\/wp\/v2\/users\/73"}],"replies":[{"embeddable":true,"href":"https:\/\/plazajuarez.mx\/historico\/wp-json\/wp\/v2\/comments?post=152133"}],"version-history":[{"count":0,"href":"https:\/\/plazajuarez.mx\/historico\/wp-json\/wp\/v2\/posts\/152133\/revisions"}],"wp:attachment":[{"href":"https:\/\/plazajuarez.mx\/historico\/wp-json\/wp\/v2\/media?parent=152133"}],"wp:term":[{"taxonomy":"category","embeddable":true,"href":"https:\/\/plazajuarez.mx\/historico\/wp-json\/wp\/v2\/categories?post=152133"},{"taxonomy":"post_tag","embeddable":true,"href":"https:\/\/plazajuarez.mx\/historico\/wp-json\/wp\/v2\/tags?post=152133"}],"curies":[{"name":"wp","href":"https:\/\/api.w.org\/{rel}","templated":true}]}}