{"id":152120,"date":"2021-02-11T06:00:00","date_gmt":"2021-02-11T12:00:00","guid":{"rendered":"https:\/\/plazajuarez.mx\/?p=152120"},"modified":"2021-02-10T23:06:20","modified_gmt":"2021-02-11T05:06:20","slug":"en-breve-podria-quedar-completa-la-ley-olimpia-en-hidalgo","status":"publish","type":"post","link":"https:\/\/plazajuarez.mx\/historico\/en-breve-podria-quedar-completa-la-ley-olimpia-en-hidalgo\/","title":{"rendered":"En breve, podr\u00eda quedar completa la \u201cLey Olimpia\u201d en Hidalgo"},"content":{"rendered":"\n<p class=\"wp-block-paragraph\">El diputado local de la fracci\u00f3n del partido del Movimiento de Regeneraci\u00f3n Nacional (Morena), V\u00edctor Guerrero Trejo, inform\u00f3 que en la comisi\u00f3n permanente de Seguridad Ciudadana y Justicia que \u00e9l preside, ya se tiene listo el dictamen que dar\u00eda continuidad a los trabajos sobre la denominada \u201cLey Olimpia\u201d.<\/p>\n\n\n\n<p class=\"wp-block-paragraph\">Apunt\u00f3 que&nbsp; el dictamen ya fue enviado a los legisladores a fin de que lo analicen y hagan las observaciones que consideren pertinentes, y adelant\u00f3 que en caso de que ya no haya observaciones, podr\u00eda someterse al pleno la siguiente semana; de igual forma, record\u00f3 que el tema se comenz\u00f3 a abordar desde el a\u00f1o 2018, y se han dado algunas reformas y dem\u00e1s, lo que ha permitido que la Ley Olimpia avance en Hidalgo.<\/p>\n\n\n\n<p class=\"wp-block-paragraph\">Respecto a las acusaciones que hicieran algunos diputados y diputadas en su contra, el legislador morenista lament\u00f3 el actuar de sus compa\u00f1eros de bancada, sin embargo, les record\u00f3 los procedimientos que se tienen que seguir a fin de tener una ley que sea justa, y no s\u00f3lo una pantalla del acceso a la justicia.&nbsp;<\/p>\n\n\n\n<p class=\"wp-block-paragraph\">\u201cFue necesario realizar un an\u00e1lisis minucioso para tener una ley en la que se plasme claramente qu\u00e9 y c\u00f3mo se va a sancionar la violencia digital para evitar alguna inconstitucionalidad\u201d, dijo.<\/p>\n\n\n\n<p class=\"wp-block-paragraph\">Desde el a\u00f1o 2018 se contemplan sanciones a quienes compartan fotos, v\u00eddeos, audios o dem\u00e1s material de car\u00e1cter \u00edntimo por medios digitales sin el consentimiento de la persona.<\/p>\n","protected":false},"excerpt":{"rendered":"<p>El diputado local de la fracci\u00f3n del partido del Movimiento de Regeneraci\u00f3n Nacional (Morena), V\u00edctor Guerrero Trejo, inform\u00f3 que en la comisi\u00f3n permanente de Seguridad Ciudadana y Justicia que \u00e9l preside, ya se tiene listo el dictamen que dar\u00eda continuidad a los trabajos sobre la denominada \u201cLey Olimpia\u201d. Apunt\u00f3 que&nbsp; el dictamen ya fue enviado [&hellip;]<\/p>\n","protected":false},"author":72,"featured_media":152144,"comment_status":"closed","ping_status":"open","sticky":false,"template":"","format":"standard","meta":{"footnotes":""},"categories":[15,59],"tags":[],"class_list":["post-152120","post","type-post","status-publish","format-standard","has-post-thumbnail","hentry","category-destacadas","category-general"],"_links":{"self":[{"href":"https:\/\/plazajuarez.mx\/historico\/wp-json\/wp\/v2\/posts\/152120","targetHints":{"allow":["GET"]}}],"collection":[{"href":"https:\/\/plazajuarez.mx\/historico\/wp-json\/wp\/v2\/posts"}],"about":[{"href":"https:\/\/plazajuarez.mx\/historico\/wp-json\/wp\/v2\/types\/post"}],"author":[{"embeddable":true,"href":"https:\/\/plazajuarez.mx\/historico\/wp-json\/wp\/v2\/users\/72"}],"replies":[{"embeddable":true,"href":"https:\/\/plazajuarez.mx\/historico\/wp-json\/wp\/v2\/comments?post=152120"}],"version-history":[{"count":0,"href":"https:\/\/plazajuarez.mx\/historico\/wp-json\/wp\/v2\/posts\/152120\/revisions"}],"wp:featuredmedia":[{"embeddable":true,"href":"https:\/\/plazajuarez.mx\/historico\/wp-json\/wp\/v2\/media\/152144"}],"wp:attachment":[{"href":"https:\/\/plazajuarez.mx\/historico\/wp-json\/wp\/v2\/media?parent=152120"}],"wp:term":[{"taxonomy":"category","embeddable":true,"href":"https:\/\/plazajuarez.mx\/historico\/wp-json\/wp\/v2\/categories?post=152120"},{"taxonomy":"post_tag","embeddable":true,"href":"https:\/\/plazajuarez.mx\/historico\/wp-json\/wp\/v2\/tags?post=152120"}],"curies":[{"name":"wp","href":"https:\/\/api.w.org\/{rel}","templated":true}]}}