{"id":152119,"date":"2021-02-11T06:00:00","date_gmt":"2021-02-11T12:00:00","guid":{"rendered":"https:\/\/plazajuarez.mx\/?p=152119"},"modified":"2021-02-10T23:01:24","modified_gmt":"2021-02-11T05:01:24","slug":"dese-por-enterado-835","status":"publish","type":"post","link":"https:\/\/plazajuarez.mx\/historico\/dese-por-enterado-835\/","title":{"rendered":"DESE POR ENTERADO"},"content":{"rendered":"\n<p class=\"wp-block-paragraph\"><strong>DESDE EL ALTIPLANO, TODAV\u00cdA MANDA. &#8211;<\/strong> A casi medio a\u00f1o de que el l\u00edder del Grupo Universidad, Gerardo S.C., permanece interno en el penal de El Altiplano, acusado de diversos delitos, un hecho rotundo es que mantiene un control absoluto de la Universidad Aut\u00f3noma del Estado de Hidalgo, pero adem\u00e1s no da un paso atr\u00e1s en sus estrategias pol\u00edticas para buscar candidaturas por el partido que tenga a su alcance al Congreso local y federal. Es decir que todo sigue totalmente igual en nuestra M\u00e1xima Casa de Estudios, tal cual la dej\u00f3 cuando fue aprehendido en la Ciudad de M\u00e9xico. Nada, pero nada de nada, se mueve en la UAEH si ante no lo autoriza desde Almoloya de Ju\u00e1rez. Y ya en t\u00e9rminos reales esto indica con claridad que no solo logr\u00f3 dar vida a una estructura inamovible, sino que cuenta con recursos econ\u00f3micos m\u00e1s que amplios para mantener su poder en el rubro pol\u00edtico.&nbsp;<\/p>\n\n\n\n<p class=\"wp-block-paragraph\">***<\/p>\n\n\n\n<p class=\"wp-block-paragraph\">&nbsp;<strong>UNA LUZ EN EL CAMINO. &#8211;<\/strong> El secretario de Salud, Efra\u00edn Ben\u00edtez Herrera, fue muy claro para que no se vayan a confundir: est\u00e1 cercano el control de la Covid-19 en Hidalgo, pero no vamos a echar las campanas a vuelo. Hizo bien en aclarar porque en definitiva no se puede adelantar control alguno hasta que toda la poblaci\u00f3n est\u00e9 vacunada, y la verdad para que eso suceda, falta mucho, pero mucho. Sin embargo, tampoco es malo se\u00f1alar que se va por buen camino y que las medidas sanitarias deben mantenerse por lo menos lo que resta del a\u00f1o, una vez que ya empez\u00f3 a reactivarse la actividad econ\u00f3mica. \u00a1Suerte a todos y no dejen de cuidarse!<\/p>\n\n\n\n<p class=\"wp-block-paragraph\">***<\/p>\n\n\n\n<p class=\"wp-block-paragraph\"><strong>DIPUTADOS DEL GRUPO UNIVERSIDAD, DURO CONTRA JORGE M\u00c1RQUEZ. &#8211;<\/strong> Pues no, no le perdonan ni le van a perdonar que le haya ganado la alcald\u00eda al hermano de su Santo Patrono, y recibida la orden se rasgaron las vestiduras en el Congreso local, encabezados por la siempre afinada Corina Mart\u00ednez, quien, por supuesto, nunca ha dicho nada de los gastos excesivos del grupo pol\u00edtico al que pertenece en la compra de franquicias pol\u00edticas para buscar puestos de elecci\u00f3n popular. Gastos que por supuesto no se sabe si salen de la propia instituci\u00f3n educativa o de donde. Pero por lo mientras ya mostraron que, al no llegar Dami\u00e1n Sosa como presidente municipal de Tulancingo, cobrar\u00e1n cara la afrenta y le tundir\u00e1n cada vez que se pueda al edil en funciones, Jorge M\u00e1rquez Alvarado. Y, por cierto, \u00bfqu\u00e9 marca y modelo son las camionetas de s\u00faper lujo que aseguran compr\u00f3 el alcalde se\u00f1alado?<\/p>\n\n\n\n<p class=\"wp-block-paragraph\">***<\/p>\n\n\n\n<p class=\"wp-block-paragraph\"><strong>NUEVO AEROPUERTO, A HIDALGO LE PUEDE IR BIEN. &#8211;<\/strong> Nuestra entidad debe ver oportunidades de progreso donde otros simplemente se han centrado en descalificar una obra como el Nuevo Aeropuerto Internacional \u201cFelipe \u00c1ngeles\u201d. M\u00e1s all\u00e1 de si se comulga o no con el proyecto, es de vital importancia que ahora s\u00ed la entidad hidalguense entre de lleno a un mega proyecto y no sea el convidado de piedra de siempre. Y si usted observa las cosas van por ese rumbo. Ya no m\u00e1s la explotaci\u00f3n de la riqueza natural hidalguense como sus minas que lo \u00fanico que dejaron fueron mineros enfermos y desperdicio de minas, los jales. Es el momento para nuestro Estado y por ello se ve con buenos ojos los trabajos que ya se realizan para comunicar el nuevo Campo A\u00e9reo con la zona metropolitana del centro de la entidad.<\/p>\n\n\n\n<p class=\"wp-block-paragraph\">***<\/p>\n\n\n\n<p class=\"wp-block-paragraph\"><strong><em>Aviso para que no digan: Esa columna se nutre de comentarios recabados en agencias del Recontra-Espionaje, muy similares a las que populariz\u00f3 el \u201cS\u00faper Agente 86\u201d en sus tiempos. Como tal, usted est\u00e1 en libertad de creer o no lo que lee, recontra-enojarse, recontra-carcajearse y hasta recontra-recordarnos a nuestra jefecita (nosotros recontra-hacemos lo propio). Avisado est\u00e1 usted.<\/em><\/strong><\/p>\n\n\n\n<p class=\"wp-block-paragraph\">Dudas y comentarios:<\/p>\n\n\n\n<p class=\"wp-block-paragraph\"><a href=\"mailto:desexenterado@gmail.com\">desexenterado@gmail.com<\/a><\/p>\n\n\n\n<p class=\"wp-block-paragraph\">@desexenterado<\/p>\n","protected":false},"excerpt":{"rendered":"<p>DESDE EL ALTIPLANO, TODAV\u00cdA MANDA. &#8211; A casi medio a\u00f1o de que el l\u00edder del Grupo Universidad, Gerardo S.C., permanece interno en el penal de El Altiplano, acusado de diversos delitos, un hecho rotundo es que mantiene un control absoluto de la Universidad Aut\u00f3noma del Estado de Hidalgo, pero adem\u00e1s no da un paso atr\u00e1s [&hellip;]<\/p>\n","protected":false},"author":93,"featured_media":0,"comment_status":"closed","ping_status":"open","sticky":false,"template":"","format":"standard","meta":{"footnotes":""},"categories":[83],"tags":[],"class_list":["post-152119","post","type-post","status-publish","format-standard","hentry","category-dese-por-enterado"],"_links":{"self":[{"href":"https:\/\/plazajuarez.mx\/historico\/wp-json\/wp\/v2\/posts\/152119","targetHints":{"allow":["GET"]}}],"collection":[{"href":"https:\/\/plazajuarez.mx\/historico\/wp-json\/wp\/v2\/posts"}],"about":[{"href":"https:\/\/plazajuarez.mx\/historico\/wp-json\/wp\/v2\/types\/post"}],"author":[{"embeddable":true,"href":"https:\/\/plazajuarez.mx\/historico\/wp-json\/wp\/v2\/users\/93"}],"replies":[{"embeddable":true,"href":"https:\/\/plazajuarez.mx\/historico\/wp-json\/wp\/v2\/comments?post=152119"}],"version-history":[{"count":0,"href":"https:\/\/plazajuarez.mx\/historico\/wp-json\/wp\/v2\/posts\/152119\/revisions"}],"wp:attachment":[{"href":"https:\/\/plazajuarez.mx\/historico\/wp-json\/wp\/v2\/media?parent=152119"}],"wp:term":[{"taxonomy":"category","embeddable":true,"href":"https:\/\/plazajuarez.mx\/historico\/wp-json\/wp\/v2\/categories?post=152119"},{"taxonomy":"post_tag","embeddable":true,"href":"https:\/\/plazajuarez.mx\/historico\/wp-json\/wp\/v2\/tags?post=152119"}],"curies":[{"name":"wp","href":"https:\/\/api.w.org\/{rel}","templated":true}]}}