{"id":151972,"date":"2021-02-10T07:13:16","date_gmt":"2021-02-10T13:13:16","guid":{"rendered":"https:\/\/plazajuarez.mx\/?p=151972"},"modified":"2021-02-10T07:13:27","modified_gmt":"2021-02-10T13:13:27","slug":"retratos-hablados-1026","status":"publish","type":"post","link":"https:\/\/plazajuarez.mx\/historico\/retratos-hablados-1026\/","title":{"rendered":"RETRATOS HABLADOS"},"content":{"rendered":"\n<h2 class=\"wp-block-heading\"><strong>PRI, a tiempo de parar el choque de trenes<\/strong><\/h2>\n\n\n\n<p>Fue la ambici\u00f3n desmedida de algunos de sus integrantes la que ech\u00f3 de la Presidencia de la Rep\u00fablica al Revolucionario Institucional, y es muy posible que por esa misma raz\u00f3n d\u00e9 paso al primer gobierno de alternancia en el Estado de Hidalgo si no frenan a tiempo los trenes que se asoman a la estaci\u00f3n y van sobre la misma v\u00eda rumbo al encontronazo.&nbsp;<\/p>\n\n\n\n<p>Como nunca la buena pol\u00edtica y los resabios que a\u00fan queden de disciplina y lealtad al instituto pol\u00edtico que todo les dio, podr\u00eda llevar a un acuerdo que si bien no puede echar atr\u00e1s el agandalle de candidaturas a diputados federales por la v\u00eda plurinominal, si podr\u00eda poner en claro que las pugnas internas acabar\u00e1n por hacerle perder, al PRI, la gubernatura de la entidad.<\/p>\n\n\n\n<p>En medio de una apuesta del todo por el todo por parte del Presidente de la Rep\u00fablica para hacer ganar a como d\u00e9 lugar al que a\u00fan es su partido, Morena, y de este modo conservar el control absoluto del Congreso federal, la c\u00fapulas pri\u00edsta en el pa\u00eds parece que ha decidido abrir camino para sus muy particulares intereses, no de su militancia.<\/p>\n\n\n\n<p>Nadie puede decirse sorprendido por lo que se ha observado, porque en la lucha por el poder m\u00e1s importante en un Estado que es la oficina de Cuarto Piso en la Plaza Ju\u00e1rez, han hecho c\u00e1lculos y est\u00e1n seguros que pueden hundir al bando contrario si logran agenciar a su proyecto a cuadros vetustos y sin peso espec\u00edfico para estos momentos, pero que se acostumbraron a recibir en pago por qui\u00e9n sabe qu\u00e9 raz\u00f3n, desde secretar\u00edas, diputaciones o alcald\u00edas para sus allegados. Hoy indignados porque los favores recibidos desaparecieron, ser\u00e1n los primeros en unirse a uno de los bandos que desde ya disputa la candidatura para suceder a Omar Fayad Meneses.<\/p>\n\n\n\n<p>Sin embargo el momento que vive el pa\u00eds rebasa, y con mucho, a los proyectos de tipo personal, porque tal vez se trate de la \u00faltima oportunidad para regular el poder presidencial y hacerlo entrar en raz\u00f3n antes que la espiral de megaloman\u00eda desemboque en lo que nadie desea pero es viable: un r\u00e9gimen militar.<\/p>\n\n\n\n<p>Ning\u00fan hombre de poder conserva el equilibrio mental si no hay por lo menos un an\u00e1lisis serio a sus iniciativas de ley, o reformas, y en caso extremo un freno real alejado de los fanatismos que siempre propicia el l\u00edder popular y seductor de audiencias.<\/p>\n\n\n\n<p>Es sano que un Presidente, un Gobernador, no acabe convertido en una especie de Rey o Emperador, y eso solo es posible a trav\u00e9s de representantes populares que no sean parte de sus corifeos. El poder casi de manera inmediata genera la construcci\u00f3n de una burbuja en la que el poderoso acaba encerrado por un grupo selecto de allegados, que lejos de conectarlo con el pueblo que gobierna, lo hacen ajeno y extra\u00f1o.<\/p>\n\n\n\n<p>La elecci\u00f3n de diputados federales est\u00e1 \u00edntimamente ligada a la posibilidad de impedir que un Presidente como L\u00f3pez Obrador, termine incapacitado para escuchar a otros que no sean los que le aplauden todo y en un caso extremo ni a \u00e9stos, y solo a \u00e9l mismo.<\/p>\n\n\n\n<p>Disputas adelantadas por el cargo pol\u00edtico m\u00e1s importante en territorio hidalguense, solo abrir\u00e1n de nueva cuenta las compuertas para que resurja la ola AMLO, que llev\u00f3 a una camada de diputados y diputadas anodinos a la sede de San L\u00e1zaro, incapaces de cuestionar cualquier error, incluso cuando en las iniciativas que les llegan escriben textos con garrafales errores ortogr\u00e1ficos.<\/p>\n\n\n\n<p>Eso, el futuro del pa\u00eds, es lo que estar\u00e1 en juego para el mes de junio. Y que se entienda, el objetivo no es llevar legisladores al Congreso federal para que revienten cuanta iniciativa presidencial llegue, sino provocar un an\u00e1lisis serio sobre las mismas, que eval\u00fae y tome decisiones serias y equilibradas, que para eso elegimos nuestros representantes populares\u2026 para que nos representen.<\/p>\n\n\n\n<p>Mil gracias, hasta ma\u00f1ana.<\/p>\n\n\n\n<p><a href=\"mailto:jeperalta@plazajurez.mx\">jeperalta@plazajurez.mx<\/a><\/p>\n\n\n\n<p>@JavierEPeralta<\/p>\n","protected":false},"excerpt":{"rendered":"<p>PRI, a tiempo de parar el choque de trenes Fue la ambici\u00f3n desmedida de algunos de sus integrantes la que ech\u00f3 de la Presidencia de la Rep\u00fablica al Revolucionario Institucional, y es muy posible que por esa misma raz\u00f3n d\u00e9 paso al primer gobierno de alternancia en el Estado de Hidalgo si no frenan a [&hellip;]<\/p>\n","protected":false},"author":10,"featured_media":0,"comment_status":"closed","ping_status":"open","sticky":false,"template":"","format":"standard","meta":{"footnotes":""},"categories":[49,42],"tags":[],"class_list":["post-151972","post","type-post","status-publish","format-standard","hentry","category-javier-peralta","category-nuestrapalabra"],"_links":{"self":[{"href":"https:\/\/plazajuarez.mx\/historico\/wp-json\/wp\/v2\/posts\/151972","targetHints":{"allow":["GET"]}}],"collection":[{"href":"https:\/\/plazajuarez.mx\/historico\/wp-json\/wp\/v2\/posts"}],"about":[{"href":"https:\/\/plazajuarez.mx\/historico\/wp-json\/wp\/v2\/types\/post"}],"author":[{"embeddable":true,"href":"https:\/\/plazajuarez.mx\/historico\/wp-json\/wp\/v2\/users\/10"}],"replies":[{"embeddable":true,"href":"https:\/\/plazajuarez.mx\/historico\/wp-json\/wp\/v2\/comments?post=151972"}],"version-history":[{"count":0,"href":"https:\/\/plazajuarez.mx\/historico\/wp-json\/wp\/v2\/posts\/151972\/revisions"}],"wp:attachment":[{"href":"https:\/\/plazajuarez.mx\/historico\/wp-json\/wp\/v2\/media?parent=151972"}],"wp:term":[{"taxonomy":"category","embeddable":true,"href":"https:\/\/plazajuarez.mx\/historico\/wp-json\/wp\/v2\/categories?post=151972"},{"taxonomy":"post_tag","embeddable":true,"href":"https:\/\/plazajuarez.mx\/historico\/wp-json\/wp\/v2\/tags?post=151972"}],"curies":[{"name":"wp","href":"https:\/\/api.w.org\/{rel}","templated":true}]}}