{"id":151946,"date":"2021-02-09T18:45:21","date_gmt":"2021-02-10T00:45:21","guid":{"rendered":"https:\/\/plazajuarez.mx\/?p=151946"},"modified":"2021-02-09T18:45:31","modified_gmt":"2021-02-10T00:45:31","slug":"presenta-nuvia-mayorga-punto-de-acuerdo-para-que-autoridades-de-salud-den-a-conocer-el-calendario-de-vacunacion-contra-covid-19","status":"publish","type":"post","link":"https:\/\/plazajuarez.mx\/historico\/presenta-nuvia-mayorga-punto-de-acuerdo-para-que-autoridades-de-salud-den-a-conocer-el-calendario-de-vacunacion-contra-covid-19\/","title":{"rendered":"Presenta Nuvia Mayorga punto de acuerdo para que autoridades de salud den a conocer el calendario de vacunaci\u00f3n contra covid-19"},"content":{"rendered":"\n<p>La senadora Nuvia Mayorga Delgado, del Grupo Parlamentario del PRI (GPPRI), present\u00f3 un Punto de Acuerdo para solicitar a las autoridades de la Secretar\u00eda de Salud remita al legislativo el calendario de vacunaci\u00f3n o en su caso las modificaciones que \u00e9ste haya tenido derivado de la falta de planeaci\u00f3n para la adquisici\u00f3n de vacunas contra el covid-19.<\/p>\n\n\n\n<p>Se\u00f1ala que de acuerdo con la \u201cpol\u00edtica nacional de vacunaci\u00f3n contra el virus Sars-Cov-2, para la prevenci\u00f3n de la covid-19 en M\u00e9xico\u201d dada a conocer el 11 de enero pasado, el objetivo es inmunizar como m\u00ednimo 70% de la poblaci\u00f3n para lograr la denominada inmunidad de reba\u00f1o.<\/p>\n\n\n\n<p>Sin embargo, se\u00f1al\u00f3 que a un mes de que se puso en marcha esta pol\u00edtica, s\u00f3lo han llegado a nuestro pa\u00eds 766,350 vacunas de las cuales, de acuerdo con la Secretar\u00eda de Salud, solo se han aplicado 670,307 a la poblaci\u00f3n.<\/p>\n\n\n\n<p>Reconoci\u00f3 que si bien es demasiado pronto para calificar la asertividad de la estrategia del gobierno federal en este asunto, s\u00ed es posible apreciar es que est\u00e1 lejos de llegar a la primera meta que se impuso, de vacunar entre enero y febrero a 1.1 millones de hombres y mujeres que forman el conjunto de personal m\u00e9dico en la primera l\u00ednea en contra de la pandemia.<\/p>\n\n\n\n<p>Agreg\u00f3 que la estrategia contempla vacunar a todo el personal de salud que trabaja en la contenci\u00f3n de la pandemia y 95% de la poblaci\u00f3n a partir de los 16 a\u00f1os. Pero esta meta se ve muy lejana y ni si quiera se alcanzar\u00e1 la primera meta proyectada de vacunar entre enero y febrero a 1.1 millones de hombres y mujeres que forman el conjunto de personal m\u00e9dico en la primera l\u00ednea en contra de la pandemia.<\/p>\n\n\n\n<p>Por eso, a\u00f1adi\u00f3, hoy m\u00e1s que nunca el gobierno y en particular la Secretar\u00eda de Salud, tiene que rendir un informe detallado, en el que se especifique si se va cumplir con el programa de vacunaci\u00f3n proyectado y de no ser as\u00ed se presente uno nuevo calendario con los ajustes necesarios que le den claridad y certeza a la poblaci\u00f3n.<\/p>\n\n\n\n<p>La propuesta de la senadora Mayorga Delgado fue turnada a la Comisi\u00f3n de Salud de la C\u00e1mara de Senadores para su estudio y dictamen.<\/p>\n","protected":false},"excerpt":{"rendered":"<p>La senadora Nuvia Mayorga Delgado, del Grupo Parlamentario del PRI (GPPRI), present\u00f3 un Punto de Acuerdo para solicitar a las autoridades de la Secretar\u00eda de Salud remita al legislativo el calendario de vacunaci\u00f3n o en su caso las modificaciones que \u00e9ste haya tenido derivado de la falta de planeaci\u00f3n para la adquisici\u00f3n de vacunas contra [&hellip;]<\/p>\n","protected":false},"author":93,"featured_media":151947,"comment_status":"closed","ping_status":"open","sticky":false,"template":"","format":"standard","meta":{"footnotes":""},"categories":[15,36],"tags":[],"class_list":["post-151946","post","type-post","status-publish","format-standard","has-post-thumbnail","hentry","category-destacadas","category-nacion"],"_links":{"self":[{"href":"https:\/\/plazajuarez.mx\/historico\/wp-json\/wp\/v2\/posts\/151946","targetHints":{"allow":["GET"]}}],"collection":[{"href":"https:\/\/plazajuarez.mx\/historico\/wp-json\/wp\/v2\/posts"}],"about":[{"href":"https:\/\/plazajuarez.mx\/historico\/wp-json\/wp\/v2\/types\/post"}],"author":[{"embeddable":true,"href":"https:\/\/plazajuarez.mx\/historico\/wp-json\/wp\/v2\/users\/93"}],"replies":[{"embeddable":true,"href":"https:\/\/plazajuarez.mx\/historico\/wp-json\/wp\/v2\/comments?post=151946"}],"version-history":[{"count":0,"href":"https:\/\/plazajuarez.mx\/historico\/wp-json\/wp\/v2\/posts\/151946\/revisions"}],"wp:featuredmedia":[{"embeddable":true,"href":"https:\/\/plazajuarez.mx\/historico\/wp-json\/wp\/v2\/media\/151947"}],"wp:attachment":[{"href":"https:\/\/plazajuarez.mx\/historico\/wp-json\/wp\/v2\/media?parent=151946"}],"wp:term":[{"taxonomy":"category","embeddable":true,"href":"https:\/\/plazajuarez.mx\/historico\/wp-json\/wp\/v2\/categories?post=151946"},{"taxonomy":"post_tag","embeddable":true,"href":"https:\/\/plazajuarez.mx\/historico\/wp-json\/wp\/v2\/tags?post=151946"}],"curies":[{"name":"wp","href":"https:\/\/api.w.org\/{rel}","templated":true}]}}