{"id":151943,"date":"2021-02-09T18:18:22","date_gmt":"2021-02-10T00:18:22","guid":{"rendered":"https:\/\/plazajuarez.mx\/?p=151943"},"modified":"2021-02-09T18:18:33","modified_gmt":"2021-02-10T00:18:33","slug":"la-sip-alerta-sobre-el-proyecto-de-ley-en-mexico-que-busca-regular-las-redes-sociales","status":"publish","type":"post","link":"https:\/\/plazajuarez.mx\/historico\/la-sip-alerta-sobre-el-proyecto-de-ley-en-mexico-que-busca-regular-las-redes-sociales\/","title":{"rendered":"La SIP alerta sobre el proyecto de ley en M\u00e9xico que busca regular las redes sociales"},"content":{"rendered":"\n<p>La Sociedad Interamericana de Prensa (SIP) advirti\u00f3 este martes sobre &#8220;los riesgos y las consecuencias&#8221; que conllevan un proyecto de ley en M\u00e9xico para regular contenidos en las redes sociales y que podr\u00eda derivar en &#8220;limitaciones a la libertad de expresi\u00f3n en el \u00e1rea digital&#8221;.<\/p>\n\n\n\n<p>La organizaci\u00f3n, con sede en Miami (Florida, EE.UU.), expres\u00f3 en un comunicado su preocupaci\u00f3n por la iniciativa dada a conocer el lunes, precisamente a trav\u00e9s de las redes sociales, por el legislador Ricardo Monreal, del oficialista partido Morena y quien espera ingresar el proyecto en el Senado mexicano en las pr\u00f3ximas semanas.<\/p>\n\n\n\n<p>La propuesta propone reformar la Ley Federal de Telecomunicaciones y Radiodifusi\u00f3n y, entre otros aspectos, crear la figura de las &#8220;autorizaciones para los servicios de redes sociales&#8221;, y prev\u00e9 adem\u00e1s &#8220;un sistema de sanciones y multas sobre los contenidos que los usuarios cargan a las plataformas&#8221;, como se\u00f1al\u00f3 la SIP.<\/p>\n\n\n\n<p>Establece adem\u00e1s la definici\u00f3n de redes sociales relevantes para aquellas con un mill\u00f3n o m\u00e1s suscriptores o usuarios.<\/p>\n\n\n\n<p>El presidente de la SIP, Jorge Canahuati, alert\u00f3 sobre el riesgo que supone el &#8220;surgimiento de desproporcionadas iniciativas para regular la informaci\u00f3n en esas plataformas, tal como muchas veces se ha intentado regular sobre los contenidos de los medios period\u00edsticos&#8221;.<\/p>\n\n\n\n<p>El tambi\u00e9n presidente de la empresa period\u00edstica Grupo Opsa, de Honduras, record\u00f3 que expresaron la misma preocupaci\u00f3n por el bloqueo en enero de las cuentas personales del entonces presidente de Estados Unidos, Donald Trump, en las redes sociales.<\/p>\n\n\n\n<p>Por su parte, el presidente de la Comisi\u00f3n de Libertad de Prensa e Informaci\u00f3n de la SIP, Carlos Jornet, se\u00f1al\u00f3 que &#8220;la regulaci\u00f3n de las redes sociales es un tema complejo y requiere de los Gobiernos mucha sabidur\u00eda&#8221;, en especial cuando la legislaci\u00f3n &#8220;corre el riesgo de entrometerse en los contenidos de los usuarios&#8221; e imponer l\u00edmites a &#8220;contenidos que trascienden las fronteras del pa\u00eds&#8221;.<\/p>\n\n\n\n<p>Canahuati y Jornet resaltaron que muchos de los delitos existentes contenidos en las propuestas legislativas en esta materia, entre ellos violaci\u00f3n de la privacidad, pornograf\u00eda, pederastia, difamaci\u00f3n, ya figuran en los c\u00f3digos civiles y penales, y que no es necesario &#8220;crear una especie de regulaci\u00f3n para &#8216;delitos digitales'&#8221;.<\/p>\n\n\n\n<p>Aludieron a la Declaraci\u00f3n de Salta sobre principios de libertad de expresi\u00f3n en la era digital, emitido por la SIP, y que se\u00f1ala que &#8220;la legislaci\u00f3n y las pol\u00edticas p\u00fablicas sobre internet deben estar dirigidas a garantizar que el espacio digital sea abierto, neutral, accesible para todos y apegado a los derechos humanos&#8221;.<\/p>\n\n\n\n<p>Los directivos de la organizaci\u00f3n sugirieron a los Gobierno y congresistas que en vez de legislar &#8220;compulsivamente&#8221; sobre redes sociales tomen contacto con la Comisi\u00f3n Interamericana de Derechos Humanos y su Relator\u00eda Especial para la Libertad de Expresi\u00f3n.<\/p>\n\n\n\n<p>Agregaron que ambas entidades crearon en a\u00f1os recientes varios documentos sobre libertad de expresi\u00f3n digital, y que adem\u00e1s han convocado a una audiencia p\u00fablica sobre internet y contenidos en las redes sociales para el pr\u00f3ximo 25 de marzo.<\/p>\n","protected":false},"excerpt":{"rendered":"<p>La Sociedad Interamericana de Prensa (SIP) advirti\u00f3 este martes sobre &#8220;los riesgos y las consecuencias&#8221; que conllevan un proyecto de ley en M\u00e9xico para regular contenidos en las redes sociales y que podr\u00eda derivar en &#8220;limitaciones a la libertad de expresi\u00f3n en el \u00e1rea digital&#8221;. La organizaci\u00f3n, con sede en Miami (Florida, EE.UU.), expres\u00f3 en [&hellip;]<\/p>\n","protected":false},"author":80,"featured_media":151944,"comment_status":"closed","ping_status":"open","sticky":false,"template":"","format":"standard","meta":{"footnotes":""},"categories":[15,36],"tags":[],"class_list":["post-151943","post","type-post","status-publish","format-standard","has-post-thumbnail","hentry","category-destacadas","category-nacion"],"_links":{"self":[{"href":"https:\/\/plazajuarez.mx\/historico\/wp-json\/wp\/v2\/posts\/151943","targetHints":{"allow":["GET"]}}],"collection":[{"href":"https:\/\/plazajuarez.mx\/historico\/wp-json\/wp\/v2\/posts"}],"about":[{"href":"https:\/\/plazajuarez.mx\/historico\/wp-json\/wp\/v2\/types\/post"}],"author":[{"embeddable":true,"href":"https:\/\/plazajuarez.mx\/historico\/wp-json\/wp\/v2\/users\/80"}],"replies":[{"embeddable":true,"href":"https:\/\/plazajuarez.mx\/historico\/wp-json\/wp\/v2\/comments?post=151943"}],"version-history":[{"count":0,"href":"https:\/\/plazajuarez.mx\/historico\/wp-json\/wp\/v2\/posts\/151943\/revisions"}],"wp:featuredmedia":[{"embeddable":true,"href":"https:\/\/plazajuarez.mx\/historico\/wp-json\/wp\/v2\/media\/151944"}],"wp:attachment":[{"href":"https:\/\/plazajuarez.mx\/historico\/wp-json\/wp\/v2\/media?parent=151943"}],"wp:term":[{"taxonomy":"category","embeddable":true,"href":"https:\/\/plazajuarez.mx\/historico\/wp-json\/wp\/v2\/categories?post=151943"},{"taxonomy":"post_tag","embeddable":true,"href":"https:\/\/plazajuarez.mx\/historico\/wp-json\/wp\/v2\/tags?post=151943"}],"curies":[{"name":"wp","href":"https:\/\/api.w.org\/{rel}","templated":true}]}}