{"id":151830,"date":"2021-02-09T07:20:45","date_gmt":"2021-02-09T13:20:45","guid":{"rendered":"https:\/\/plazajuarez.mx\/?p=151830"},"modified":"2021-02-09T07:21:35","modified_gmt":"2021-02-09T13:21:35","slug":"reciben-constancias-candidatos-del-pri","status":"publish","type":"post","link":"https:\/\/plazajuarez.mx\/historico\/reciben-constancias-candidatos-del-pri\/","title":{"rendered":"Reciben constancias candidatos del PRI"},"content":{"rendered":"\n<p>Ayer, la Comisi\u00f3n Nacional de Proceso Internos del Partido Revolucionario Institucional (PRI)&nbsp; entreg\u00f3 la constancia de candidatura a Benjam\u00edn Rico Moreno, documento que lo acredita como el aspirante de la coalici\u00f3n&nbsp; \u201cVa por M\u00e9xico\u201d para el distrito federal electoral 06 con cabecera en Pachuca.<\/p>\n\n\n\n<p>Durante su intervenci\u00f3n, el abanderado de unidad por la diputaci\u00f3n federal, se\u00f1al\u00f3 que la pr\u00f3xima elecci\u00f3n es una oportunidad para \u201csalir a la reconciliaci\u00f3n con las familias lastimadas por un gobierno indiferente\u201d, y asever\u00f3 que el partido que gobierna a M\u00e9xico ha sido incapaz de comprender y reaccionar ante la desesperanza, dolor y miedo de cientos de familias que han perdido alg\u00fan ser querido en la lucha contra el Covid-19.<\/p>\n\n\n\n<p>Rico Moreno se\u00f1al\u00f3 la importancia que tiene mantener la unidad en tiempos \u201cdif\u00edciles\u201d, por lo que enfatiz\u00f3 \u201ces el momento del trabajo en unidad, de la pol\u00edtica que trasciende y construye comunidad, hagamos un frente com\u00fan para afrontar, sin divisiones el reto de esta pandemia y rescatar a M\u00e9xico\u201d.<\/p>\n\n\n\n<p>De acuerdo con informaci\u00f3n extraoficial, el empresario fue reconocido por la dirigencia nacional y estatal tricolor como pieza clave en el triunfo electoral que les permiti\u00f3 recuperar la capital hidalguense el pasado mes de octubre.&nbsp;<\/p>\n\n\n\n<p>De igual forma, recibieron sus constancias correspondientes, la candidata del PRI por el distrito federal 01 con cabecera en Huejutla, Sayonara Vargas&nbsp; Rodr\u00edguez y H\u00e9ctor Meneses Arrieta, quien contender\u00e1 en el distrito 07 con cabecera en Tepeapulco.<\/p>\n","protected":false},"excerpt":{"rendered":"<p>Ayer, la Comisi\u00f3n Nacional de Proceso Internos del Partido Revolucionario Institucional (PRI)&nbsp; entreg\u00f3 la constancia de candidatura a Benjam\u00edn Rico Moreno, documento que lo acredita como el aspirante de la coalici\u00f3n&nbsp; \u201cVa por M\u00e9xico\u201d para el distrito federal electoral 06 con cabecera en Pachuca. Durante su intervenci\u00f3n, el abanderado de unidad por la diputaci\u00f3n federal, [&hellip;]<\/p>\n","protected":false},"author":72,"featured_media":151831,"comment_status":"closed","ping_status":"open","sticky":false,"template":"","format":"standard","meta":{"footnotes":""},"categories":[15,59],"tags":[],"class_list":["post-151830","post","type-post","status-publish","format-standard","has-post-thumbnail","hentry","category-destacadas","category-general"],"_links":{"self":[{"href":"https:\/\/plazajuarez.mx\/historico\/wp-json\/wp\/v2\/posts\/151830","targetHints":{"allow":["GET"]}}],"collection":[{"href":"https:\/\/plazajuarez.mx\/historico\/wp-json\/wp\/v2\/posts"}],"about":[{"href":"https:\/\/plazajuarez.mx\/historico\/wp-json\/wp\/v2\/types\/post"}],"author":[{"embeddable":true,"href":"https:\/\/plazajuarez.mx\/historico\/wp-json\/wp\/v2\/users\/72"}],"replies":[{"embeddable":true,"href":"https:\/\/plazajuarez.mx\/historico\/wp-json\/wp\/v2\/comments?post=151830"}],"version-history":[{"count":0,"href":"https:\/\/plazajuarez.mx\/historico\/wp-json\/wp\/v2\/posts\/151830\/revisions"}],"wp:featuredmedia":[{"embeddable":true,"href":"https:\/\/plazajuarez.mx\/historico\/wp-json\/wp\/v2\/media\/151831"}],"wp:attachment":[{"href":"https:\/\/plazajuarez.mx\/historico\/wp-json\/wp\/v2\/media?parent=151830"}],"wp:term":[{"taxonomy":"category","embeddable":true,"href":"https:\/\/plazajuarez.mx\/historico\/wp-json\/wp\/v2\/categories?post=151830"},{"taxonomy":"post_tag","embeddable":true,"href":"https:\/\/plazajuarez.mx\/historico\/wp-json\/wp\/v2\/tags?post=151830"}],"curies":[{"name":"wp","href":"https:\/\/api.w.org\/{rel}","templated":true}]}}