{"id":151816,"date":"2021-02-09T07:08:25","date_gmt":"2021-02-09T13:08:25","guid":{"rendered":"https:\/\/plazajuarez.mx\/?p=151816"},"modified":"2021-02-09T07:08:41","modified_gmt":"2021-02-09T13:08:41","slug":"laguna-de-voces-701","status":"publish","type":"post","link":"https:\/\/plazajuarez.mx\/historico\/laguna-de-voces-701\/","title":{"rendered":"LAGUNA DE VOCES"},"content":{"rendered":"\n<h2 class=\"wp-block-heading\"><strong>Ense\u00f1anzas da la pandemia II<\/strong><\/h2>\n\n\n\n<p>En realidad, y si algo hemos aprendido de la pandemia, es que al bien m\u00e1s preciado que es la vida poco le importa si la lista de suspirantes a una diputaci\u00f3n federal, local o a la secretar\u00eda general de un sindicato puede representar riesgo para el Ultra Proyecto de alg\u00fan personaje. Si algo intentamos aprender es que la pol\u00edtica es un camino retorcido para llegar a un mismo lugar, con todo y que existe el que va en l\u00ednea recta.<\/p>\n\n\n\n<p>En realidad, si el Presidente de la Rep\u00fablica decide ponerse o no el tapabocas, insistir en su discurso de los medios informativos neoliberales, fif\u00eds y corruptos, importa muy poco cuando descubrimos que no podemos ni debemos encargarle nuestra salud a nadie m\u00e1s que a nosotros, porque en t\u00e9rminos concretos somos los \u00fanicos responsables de la misma, si aprendimos la lecci\u00f3n de amar la vida.<\/p>\n\n\n\n<p>En realidad la pandemia nos hizo m\u00e1s viejos de lo que somos, y volver a repetir el juego antiguo de adivinar qui\u00e9n suceder\u00e1 al gobernante estatal, al nacional, al del mundo entero, resulta tedioso y sin sentido, cuando es deber invertir el tiempo que nos quede en adivinar el rastro de dignidad que debemos heredar a nuestros hijos y nietos.<\/p>\n\n\n\n<p>Algo m\u00e1s valioso deben descubrir tambi\u00e9n los que se dedican a la incansable b\u00fasqueda del poder para atraer a potenciales votantes, porque estoy seguro que al igual que todos, algo habr\u00e1n aprendido de estos tiempos de zozobra y miedo, con todo y que pareciera lo contrario cuando vemos a un Jefe de la Naci\u00f3n m\u00e1s interesado en colgarle adjetivos a los medios que no piensan como \u00e9l y seguir la eterna ruta de culpar al pasado ignominioso y depravado.<\/p>\n\n\n\n<p>Es muy posible que como sociedad empecemos a avanzar para buscar un l\u00edder que tenga poco de tenebroso y maquiav\u00e9lico, si en cambio la calidad humana de quien simplemente aprecia la vida como el bien m\u00e1s valioso, y por lo tanto lo har\u00e1 con quienes en su momento lo puedan llevar a alg\u00fan cargo.<\/p>\n\n\n\n<p>Alg\u00fan tiempo fuimos aficionados de hueso colorado a las tareas de grandes adivinadores, y poco falt\u00f3 para que compr\u00e1ramos turbante y uniformes de gur\u00fas para desempe\u00f1ar mejor ese papel. Nos afanamos en ser los primeros de los primeros, en dar a conocer el nombre del elegido por los mism\u00edsimos dioses, y luego presum\u00edamos esa capacidad de profetas. Era divertido.<\/p>\n\n\n\n<p>Pero es imposible asomarse a los 60 a\u00f1os con gustos de adolescente en lo mental, y todav\u00eda desperdiciar el tiempo en las artes del que mira al cielo con gesto contrito para iluminar a sus seguidores, con la buena nueva de que un nuevo redentor, o redentora, se asoma a la esquina del poder, y lo mejor: sabe su nombre.<\/p>\n\n\n\n<p>Debemos conocer cotidianamente a los que mandan, no solo dedicar el esfuerzo a cumplir el rito antiguo de ganar la carrera del destape. Y no, de ninguna manera me refiero a conferencias de prensa cotidianas que solo nublan a\u00fan m\u00e1s la posibilidad de saber qu\u00e9 piensa en t\u00e9rminos reales y no de escenograf\u00eda.<\/p>\n\n\n\n<p>Cada ser humano tiene una historia ver\u00eddica, sentida que contar por muy poderoso que pueda ser. Ese es el \u00fanico camino para indagar en el alma que pudieran cargar entre pecho y espalda.<\/p>\n\n\n\n<p>En tanto, alguien m\u00e1s se interesar\u00e1 por el juego de las profec\u00edas, en hacerle de adivinador y luego presumir que lo logr\u00f3 antes que cualquier otro.<\/p>\n\n\n\n<p>La pandemia, cierto, nos ha cambiado, pero evidentemente no tanto.<\/p>\n\n\n\n<p>Llega un tiempo en que casi todo se reduce a conservar lo poco o mucho que se ha logrado, y eso tiene que ver con la amistad, la real, la que no cambia porque los tiempos son otros. La que no apu\u00f1ala por la espalda al ritmo de sexenios. La real, la que se reduce siempre a no m\u00e1s de cinco amigos, la mujer amad\u00edsima y la esperanza de que el futuro nos vea en su camino.<\/p>\n\n\n\n<p>Mil gracias, hasta ma\u00f1ana.<\/p>\n\n\n\n<p><a href=\"mailto:jeperalta@plazajuarez.mx\/historico\/historico\">jeperalta@plazajuarez.mx\/historico\/historico<\/a><\/p>\n\n\n\n<p>@JavierEPeralta<br><\/p>\n","protected":false},"excerpt":{"rendered":"<p>Ense\u00f1anzas da la pandemia II En realidad, y si algo hemos aprendido de la pandemia, es que al bien m\u00e1s preciado que es la vida poco le importa si la lista de suspirantes a una diputaci\u00f3n federal, local o a la secretar\u00eda general de un sindicato puede representar riesgo para el Ultra Proyecto de alg\u00fan [&hellip;]<\/p>\n","protected":false},"author":10,"featured_media":0,"comment_status":"closed","ping_status":"open","sticky":false,"template":"","format":"standard","meta":{"footnotes":""},"categories":[49,42],"tags":[],"class_list":["post-151816","post","type-post","status-publish","format-standard","hentry","category-javier-peralta","category-nuestrapalabra"],"_links":{"self":[{"href":"https:\/\/plazajuarez.mx\/historico\/wp-json\/wp\/v2\/posts\/151816","targetHints":{"allow":["GET"]}}],"collection":[{"href":"https:\/\/plazajuarez.mx\/historico\/wp-json\/wp\/v2\/posts"}],"about":[{"href":"https:\/\/plazajuarez.mx\/historico\/wp-json\/wp\/v2\/types\/post"}],"author":[{"embeddable":true,"href":"https:\/\/plazajuarez.mx\/historico\/wp-json\/wp\/v2\/users\/10"}],"replies":[{"embeddable":true,"href":"https:\/\/plazajuarez.mx\/historico\/wp-json\/wp\/v2\/comments?post=151816"}],"version-history":[{"count":0,"href":"https:\/\/plazajuarez.mx\/historico\/wp-json\/wp\/v2\/posts\/151816\/revisions"}],"wp:attachment":[{"href":"https:\/\/plazajuarez.mx\/historico\/wp-json\/wp\/v2\/media?parent=151816"}],"wp:term":[{"taxonomy":"category","embeddable":true,"href":"https:\/\/plazajuarez.mx\/historico\/wp-json\/wp\/v2\/categories?post=151816"},{"taxonomy":"post_tag","embeddable":true,"href":"https:\/\/plazajuarez.mx\/historico\/wp-json\/wp\/v2\/tags?post=151816"}],"curies":[{"name":"wp","href":"https:\/\/api.w.org\/{rel}","templated":true}]}}