{"id":151813,"date":"2021-02-09T07:06:08","date_gmt":"2021-02-09T13:06:08","guid":{"rendered":"https:\/\/plazajuarez.mx\/?p=151813"},"modified":"2021-02-09T07:06:21","modified_gmt":"2021-02-09T13:06:21","slug":"dese-por-enterado-834","status":"publish","type":"post","link":"https:\/\/plazajuarez.mx\/historico\/dese-por-enterado-834\/","title":{"rendered":"DESE POR ENTERADO"},"content":{"rendered":"\n<p class=\"wp-block-paragraph\"><strong>LOS CANDIDATOS DEL PRI EN ALIANZA. &#8211;<\/strong> Son tres los candidatos del PRI que encabezan la alianza que hicieron con PAN y PRD para diputaciones federales. Parecen seguros, pero ninguno tan seguro como la secretaria general del Comit\u00e9 Ejecutivo Nacional tricolor, Alma Carolina Viggiano Austria, que se apunt\u00f3 en el primer lugar de la lista de aspirantes plurinominales. Es decir que ella ya es, pase lo que pase. No es as\u00ed para Benjam\u00edn Rico, Sayonara Vargas y H\u00e9ctor Meneses Arrieta, que la buscar\u00e1n en elecci\u00f3n normal. No son pocos los que ya adelantan un choque de trenes en el PRI Hidalgo, si desde el CEN del PRI insisten en imponer abanderados sin preguntarle siquiera su opini\u00f3n al primer pri\u00edsta de la entidad, como se supone debe ser. As\u00ed no van por buen camino.<\/p>\n\n\n\n<hr class=\"wp-block-separator\"\/>\n\n\n\n<p class=\"wp-block-paragraph\"><strong>OX\u00cdGENO PURO PARA ISRAEL. &#8211;<\/strong> 200 mil litros diarios de ox\u00edgeno empez\u00f3 a donar el presidente municipal de Mineral de la Reforma, Israel F\u00e9lix, a quienes as\u00ed lo soliciten en una acci\u00f3n sin duda importante y necesaria en estos tiempos. Ox\u00edgeno puro tambi\u00e9n para el joven edil que sabe debe cumplir un compromiso fundamental de campa\u00f1a que fue transformar en tiempo r\u00e9cord de cinco meses al ayuntamiento. Ayer mismo arranc\u00f3 obras fundamentales para la cabecera municipal. Habr\u00e1 que estar atentos a quien sin duda ser\u00e1 personaje central en la renovaci\u00f3n del Poder Ejecutivo en Hidalgo. Habr\u00e1 que ver.<\/p>\n\n\n\n<hr class=\"wp-block-separator\"\/>\n\n\n\n<p class=\"wp-block-paragraph\"><strong>Y EN MORENA, TODOS QUIEREN. &#8211;<\/strong> Cunde el mal ejemplo de los actuales diputados federales de Morena, ya que al ver que la comadrita del compadrito ya legisladora de San L\u00e1zaro es, pues todos dij\u00e9ronse, \u201cy yo por qu\u00e9 no, si esa fue, f\u00e1cil llego yo\u201d. De tal modo que adem\u00e1s que los y las in\u00fatiles que nos representaron ya quieren reelegirse, hay cada personaje que ya se siente con todo para ocupar el cargo, que de plano dan pena ajena. De plano en Morena parece que no tienen remedio. Dan pena ajena. Luego porque AMLO dice que un d\u00eda de estos se sale del partido al que dio vida.<\/p>\n\n\n\n<hr class=\"wp-block-separator\"\/>\n\n\n\n<p class=\"wp-block-paragraph\"><strong>\u00bfTIZA?. &#8211;<\/strong> Sinceramente no le vemos el sentido de reducir el nombre del municipio de Tizayuca a Tiza. Suena simpl\u00f3n, algo as\u00ed como las se\u00f1as que X\u00f3chitl y Simey hacen con los dedos para que las identifiquen a falta de propuestas serias e inteligentes. Nos extra\u00f1a que la alcaldesa, Susana \u00c1ngeles Quezada, una mujer bien preparada, haya dado el visto bueno a este tipo de argucias mercadol\u00f3gicas. Ser\u00eda tanto como querer identificar al ayuntamiento de Netzahualc\u00f3yotl como \u201cNeza\u201d. S\u00ed, es populachero pero poco serio. \u00bfTiza? \u00a1Por favor!<\/p>\n\n\n\n<hr class=\"wp-block-separator\"\/>\n\n\n\n<p class=\"wp-block-paragraph\"><strong><em>Aviso para que no digan: Esa columna se nutre de comentarios recabados en agencias del Recontra-Espionaje, muy similares a las que populariz\u00f3 el \u201cS\u00faper Agente 86\u201d en sus tiempos. Como tal, usted est\u00e1 en libertad de creer o no lo que lee, recontra-enojarse, recontra-carcajearse y hasta recontra-recordarnos a nuestra jefecita (nosotros recontra-hacemos lo propio). Avisado est\u00e1 usted.<\/em><\/strong><\/p>\n\n\n\n<p class=\"wp-block-paragraph\">Dudas y comentarios:<\/p>\n\n\n\n<p class=\"wp-block-paragraph\"><a href=\"mailto:desexenterado@gmail.com\">desexenterado@gmail.com<\/a><\/p>\n\n\n\n<p class=\"wp-block-paragraph\">@desexenterado<\/p>\n","protected":false},"excerpt":{"rendered":"<p>LOS CANDIDATOS DEL PRI EN ALIANZA. &#8211; Son tres los candidatos del PRI que encabezan la alianza que hicieron con PAN y PRD para diputaciones federales. Parecen seguros, pero ninguno tan seguro como la secretaria general del Comit\u00e9 Ejecutivo Nacional tricolor, Alma Carolina Viggiano Austria, que se apunt\u00f3 en el primer lugar de la lista [&hellip;]<\/p>\n","protected":false},"author":93,"featured_media":0,"comment_status":"closed","ping_status":"open","sticky":false,"template":"","format":"standard","meta":{"footnotes":""},"categories":[83],"tags":[],"class_list":["post-151813","post","type-post","status-publish","format-standard","hentry","category-dese-por-enterado"],"_links":{"self":[{"href":"https:\/\/plazajuarez.mx\/historico\/wp-json\/wp\/v2\/posts\/151813","targetHints":{"allow":["GET"]}}],"collection":[{"href":"https:\/\/plazajuarez.mx\/historico\/wp-json\/wp\/v2\/posts"}],"about":[{"href":"https:\/\/plazajuarez.mx\/historico\/wp-json\/wp\/v2\/types\/post"}],"author":[{"embeddable":true,"href":"https:\/\/plazajuarez.mx\/historico\/wp-json\/wp\/v2\/users\/93"}],"replies":[{"embeddable":true,"href":"https:\/\/plazajuarez.mx\/historico\/wp-json\/wp\/v2\/comments?post=151813"}],"version-history":[{"count":0,"href":"https:\/\/plazajuarez.mx\/historico\/wp-json\/wp\/v2\/posts\/151813\/revisions"}],"wp:attachment":[{"href":"https:\/\/plazajuarez.mx\/historico\/wp-json\/wp\/v2\/media?parent=151813"}],"wp:term":[{"taxonomy":"category","embeddable":true,"href":"https:\/\/plazajuarez.mx\/historico\/wp-json\/wp\/v2\/categories?post=151813"},{"taxonomy":"post_tag","embeddable":true,"href":"https:\/\/plazajuarez.mx\/historico\/wp-json\/wp\/v2\/tags?post=151813"}],"curies":[{"name":"wp","href":"https:\/\/api.w.org\/{rel}","templated":true}]}}