{"id":151807,"date":"2021-02-08T21:15:09","date_gmt":"2021-02-09T03:15:09","guid":{"rendered":"https:\/\/plazajuarez.mx\/?p=151807"},"modified":"2021-02-08T21:15:26","modified_gmt":"2021-02-09T03:15:26","slug":"mexico-acumula-166-mil-731-muertes-por-covid-19","status":"publish","type":"post","link":"https:\/\/plazajuarez.mx\/historico\/mexico-acumula-166-mil-731-muertes-por-covid-19\/","title":{"rendered":"M\u00e9xico acumula 166 mil 731 muertes por Covid-19"},"content":{"rendered":"\n<p class=\"wp-block-paragraph\">M\u00e9xico acumula en el corte de este 8 de febrero un total de 166 mil 731 muertes por Covid-19, seg\u00fan informan autoridades de la Secretar\u00eda de Salud (Ssa).<\/p>\n\n\n\n<p class=\"wp-block-paragraph\">En las \u00faltimas 24 horas, M\u00e9xico sum\u00f3 531 muertes por coronavirus, seg\u00fan los datos presentados por Jos\u00e9 Luis Alom\u00eda, director general de Epidemiolog\u00eda, en conferencia de prensa desde Palacio Nacional.<\/p>\n","protected":false},"excerpt":{"rendered":"<p>M\u00e9xico acumula en el corte de este 8 de febrero un total de 166 mil 731 muertes por Covid-19, seg\u00fan informan autoridades de la Secretar\u00eda de Salud (Ssa). En las \u00faltimas 24 horas, M\u00e9xico sum\u00f3 531 muertes por coronavirus, seg\u00fan los datos presentados por Jos\u00e9 Luis Alom\u00eda, director general de Epidemiolog\u00eda, en conferencia de prensa [&hellip;]<\/p>\n","protected":false},"author":81,"featured_media":150925,"comment_status":"closed","ping_status":"open","sticky":false,"template":"","format":"standard","meta":{"footnotes":""},"categories":[15,36],"tags":[],"class_list":["post-151807","post","type-post","status-publish","format-standard","has-post-thumbnail","hentry","category-destacadas","category-nacion"],"_links":{"self":[{"href":"https:\/\/plazajuarez.mx\/historico\/wp-json\/wp\/v2\/posts\/151807","targetHints":{"allow":["GET"]}}],"collection":[{"href":"https:\/\/plazajuarez.mx\/historico\/wp-json\/wp\/v2\/posts"}],"about":[{"href":"https:\/\/plazajuarez.mx\/historico\/wp-json\/wp\/v2\/types\/post"}],"author":[{"embeddable":true,"href":"https:\/\/plazajuarez.mx\/historico\/wp-json\/wp\/v2\/users\/81"}],"replies":[{"embeddable":true,"href":"https:\/\/plazajuarez.mx\/historico\/wp-json\/wp\/v2\/comments?post=151807"}],"version-history":[{"count":0,"href":"https:\/\/plazajuarez.mx\/historico\/wp-json\/wp\/v2\/posts\/151807\/revisions"}],"wp:featuredmedia":[{"embeddable":true,"href":"https:\/\/plazajuarez.mx\/historico\/wp-json\/wp\/v2\/media\/150925"}],"wp:attachment":[{"href":"https:\/\/plazajuarez.mx\/historico\/wp-json\/wp\/v2\/media?parent=151807"}],"wp:term":[{"taxonomy":"category","embeddable":true,"href":"https:\/\/plazajuarez.mx\/historico\/wp-json\/wp\/v2\/categories?post=151807"},{"taxonomy":"post_tag","embeddable":true,"href":"https:\/\/plazajuarez.mx\/historico\/wp-json\/wp\/v2\/tags?post=151807"}],"curies":[{"name":"wp","href":"https:\/\/api.w.org\/{rel}","templated":true}]}}