{"id":151804,"date":"2021-02-08T19:52:31","date_gmt":"2021-02-09T01:52:31","guid":{"rendered":"https:\/\/plazajuarez.mx\/?p=151804"},"modified":"2021-02-08T19:52:46","modified_gmt":"2021-02-09T01:52:46","slug":"otros-tres-investigados-en-la-causa-por-la-muerte-de-maradona","status":"publish","type":"post","link":"https:\/\/plazajuarez.mx\/historico\/otros-tres-investigados-en-la-causa-por-la-muerte-de-maradona\/","title":{"rendered":"Otros tres investigados en la causa por la muerte de Maradona"},"content":{"rendered":"\n<p class=\"wp-block-paragraph\">La Justicia argentina agreg\u00f3 este lunes a la investigaci\u00f3n por las causas de la muerte de Maradona al psic\u00f3logo Carlos D\u00edaz, que trat\u00f3 al jugador en los meses previos a su muerte, y a dos enfermeros, Dahiana Gisela Madrid y Ricardo Almir\u00f3n, seg\u00fan confirmaron a Efe fuentes de la Fiscal\u00eda General de San Isidro.<\/p>\n\n\n\n<p class=\"wp-block-paragraph\">El psic\u00f3logo y los dos enfermeros se suman a la investigaci\u00f3n por negligencia en el tratamiento m\u00e9dico de Maradona que podr\u00eda derivar en un delito de homicidio culposo, en la que tambi\u00e9n se investiga al neurocirujano Leopoldo Luque y a la psiquiatra Agustina Cosachov.<\/p>\n\n\n\n<p class=\"wp-block-paragraph\">Respecto del psic\u00f3logo D\u00edaz, la fiscal\u00eda dice tener pruebas de que desde octubre pasado tuvo un rol importante en la atenci\u00f3n de Maradona, aunque por debajo de Cosachov.<\/p>\n\n\n\n<p class=\"wp-block-paragraph\">Cosachov tambi\u00e9n es investigada por presunta &#8220;falsedad ideol\u00f3gica&#8221;, por ser sospechosa de haber realizado recetas y certificados m\u00e9dicos sin haber controlado a Maradona.<\/p>\n\n\n\n<p class=\"wp-block-paragraph\">La investigaci\u00f3n a los enfermeros est\u00e1 vinculada a que, seg\u00fan fuentes de la fiscal\u00eda, podr\u00edan haber advertido el cuadro que condujo a su muerte -producida el 25 de noviembre pasado debido a un paro cardiorrespiratorio, a los 60 a\u00f1os- si lo hubieran controlado de manera m\u00e1s rigurosa.<\/p>\n\n\n\n<p class=\"wp-block-paragraph\">La fiscal\u00eda no descarta apuntar a otros presuntos responsables seg\u00fan va obteniendo pruebas.<\/p>\n\n\n\n<p class=\"wp-block-paragraph\">De hecho, los fiscales le pidieron hoy tambi\u00e9n al juez de la causa que autorice la apertura de los tel\u00e9fonos celulares de Maradona, que se llevaron del domicilio el d\u00eda de su fallecimiento. Hasta ahora, varias pruebas provienen de los celulares de Luque y Cosachov.<\/p>\n\n\n\n<p class=\"wp-block-paragraph\">En tanto, est\u00e1 previsto citar a testimonial a la cocinera que atend\u00eda al astro, aunque la fiscal\u00eda no sospecha que tenga responsabilidad en los hechos.<\/p>\n","protected":false},"excerpt":{"rendered":"<p>La Justicia argentina agreg\u00f3 este lunes a la investigaci\u00f3n por las causas de la muerte de Maradona al psic\u00f3logo Carlos D\u00edaz, que trat\u00f3 al jugador en los meses previos a su muerte, y a dos enfermeros, Dahiana Gisela Madrid y Ricardo Almir\u00f3n, seg\u00fan confirmaron a Efe fuentes de la Fiscal\u00eda General de San Isidro. El [&hellip;]<\/p>\n","protected":false},"author":80,"featured_media":151805,"comment_status":"closed","ping_status":"open","sticky":false,"template":"","format":"standard","meta":{"footnotes":""},"categories":[15,31],"tags":[],"class_list":["post-151804","post","type-post","status-publish","format-standard","has-post-thumbnail","hentry","category-destacadas","category-orbe"],"_links":{"self":[{"href":"https:\/\/plazajuarez.mx\/historico\/wp-json\/wp\/v2\/posts\/151804","targetHints":{"allow":["GET"]}}],"collection":[{"href":"https:\/\/plazajuarez.mx\/historico\/wp-json\/wp\/v2\/posts"}],"about":[{"href":"https:\/\/plazajuarez.mx\/historico\/wp-json\/wp\/v2\/types\/post"}],"author":[{"embeddable":true,"href":"https:\/\/plazajuarez.mx\/historico\/wp-json\/wp\/v2\/users\/80"}],"replies":[{"embeddable":true,"href":"https:\/\/plazajuarez.mx\/historico\/wp-json\/wp\/v2\/comments?post=151804"}],"version-history":[{"count":0,"href":"https:\/\/plazajuarez.mx\/historico\/wp-json\/wp\/v2\/posts\/151804\/revisions"}],"wp:featuredmedia":[{"embeddable":true,"href":"https:\/\/plazajuarez.mx\/historico\/wp-json\/wp\/v2\/media\/151805"}],"wp:attachment":[{"href":"https:\/\/plazajuarez.mx\/historico\/wp-json\/wp\/v2\/media?parent=151804"}],"wp:term":[{"taxonomy":"category","embeddable":true,"href":"https:\/\/plazajuarez.mx\/historico\/wp-json\/wp\/v2\/categories?post=151804"},{"taxonomy":"post_tag","embeddable":true,"href":"https:\/\/plazajuarez.mx\/historico\/wp-json\/wp\/v2\/tags?post=151804"}],"curies":[{"name":"wp","href":"https:\/\/api.w.org\/{rel}","templated":true}]}}