{"id":151798,"date":"2021-02-08T19:42:30","date_gmt":"2021-02-09T01:42:30","guid":{"rendered":"https:\/\/plazajuarez.mx\/?p=151798"},"modified":"2021-02-08T19:43:44","modified_gmt":"2021-02-09T01:43:44","slug":"mas-de-9mdp-para-rehabilitar-puentes-vehiculares-en-mineral-de-la-reforma","status":"publish","type":"post","link":"https:\/\/plazajuarez.mx\/historico\/mas-de-9mdp-para-rehabilitar-puentes-vehiculares-en-mineral-de-la-reforma\/","title":{"rendered":"M\u00e1s de 9MDP para rehabilitar puentes vehiculares en Mineral de la Reforma"},"content":{"rendered":"\n<p class=\"wp-block-paragraph\">Con una inversi\u00f3n superior a los 9 millones de pesos, se beneficiar\u00e1n alrededor de 100 mil habitantes de Mineral de la Reforma, con la puesta en marcha del programa de mantenimiento de caminos estatales; el cual comenzar\u00e1 con la rehabilitaci\u00f3n del puente vehicular de acceso a Pachuquilla y el puente vehicular de acceso a la Providencia, inform\u00f3 el titular de la Secretar\u00eda de Obras P\u00fablicas y Ordenamiento Territorial (SOPOT), Jos\u00e9 Meneses Arrieta.<\/p>\n\n\n\n<p class=\"wp-block-paragraph\">Acompa\u00f1ado por el presidente municipal de Mineral de la Reforma, Israel F\u00e9lix Soto, el secretario se\u00f1al\u00f3 que la instrucci\u00f3n del gobernador Omar Fayad es crear, desarrollar y mejorar las v\u00edas de comunicaci\u00f3n, en coordinaci\u00f3n con los municipios, para con dicha acci\u00f3n\u00a0favorecer la conectividad, mejorar la calidad de vida y brindar mayor seguridad a la sociedad hidalguense.<\/p>\n\n\n\n<p class=\"wp-block-paragraph\">El titular de la SOPOT, expuso que los trabajos consisten en tendido de carpeta asf\u00e1ltica, colocaci\u00f3n de se\u00f1alamiento horizontal, pintura en parapetos, as\u00ed como iluminaci\u00f3n e imagen cultural en la base de los puentes, en una extensi\u00f3n de 862 metros lineales en ambos puentes vehiculares.<\/p>\n\n\n\n<p class=\"wp-block-paragraph\">Meneses Arrieta record\u00f3 que desde el inicio de la pandemia por SARS-CoV-2 la obra p\u00fablica no se detuvo, ni se detendr\u00e1, como parte de la estrategia para fomentar la actividad econ\u00f3mica; indic\u00f3 que los trabajadores de la construcci\u00f3n acatan las medidas del Operativo Escudo, con la finalidad de cuidar y proteger su vida; as\u00ed como dar continuidad a los proyectos de infraestructura.<\/p>\n\n\n\n<p class=\"wp-block-paragraph\">El alcalde Israel F\u00e9lix Soto asegur\u00f3 que con todas las acciones que realiza el gobernador Omar Fayad, Hidalgo seguir\u00e1 avanzando como lo ha dicho y como lo ha demostrado en su administraci\u00f3n, \u201cuna administraci\u00f3n exitosa\u201d.<\/p>\n\n\n\n<p class=\"wp-block-paragraph\">Hoy de la mano del gobierno estatal se avanza en la rehabilitaci\u00f3n de vialidades tan concurridas por los habitantes de Mineral de la Reforma, refiri\u00f3 el presidente municipal; los resultados del trabajo coordinado con el gobierno estatal significar\u00e1n que la poblaci\u00f3n se traslade de manera&nbsp; segura, r\u00e1pida y&nbsp; que lleguen sin contratiempos.<\/p>\n\n\n\n<p class=\"wp-block-paragraph\">Con esta obra \u201cno nada m\u00e1s modernizaremos la entrada a la cabecera municipal en Pachuquilla, sino que es momento de tener identidad propia con obras y acciones en beneficio de m\u00e1s personas de manera directa\u201d, asegur\u00f3.<\/p>\n\n\n\n<p class=\"wp-block-paragraph\">F\u00e9lix Soto indic\u00f3 que su gobierno est\u00e1 comprometido en hacer que Mineral de la Reforma se transforme; para cumplir con tal fin, y como lo exige la poblaci\u00f3n, mantendr\u00e1 coordinaci\u00f3n permanente con las autoridades de los tres niveles de gobierno.<\/p>\n\n\n\n<p class=\"wp-block-paragraph\">Transformar la imagen del municipio y atender de manera integral a la poblaci\u00f3n son parte de los objetivos de la administraci\u00f3n de Israel F\u00e9lix, muestra de ello, cit\u00f3, la puesta en marcha de la <em>Estaci\u00f3n auxiliar de relleno de ox\u00edgeno medicinal<\/em>.<\/p>\n\n\n\n<p class=\"wp-block-paragraph\">En representaci\u00f3n de la poblaci\u00f3n beneficiada, Sara Ju\u00e1rez Ramos, habitante del fraccionamiento La Providencia reconoci\u00f3 el inter\u00e9s de las autoridades por mejorar la infraestructura del municipio.<\/p>\n\n\n\n<p class=\"wp-block-paragraph\">La SOPOT y la alcald\u00eda piden a la ciudadan\u00eda su comprensi\u00f3n al transitar con precauci\u00f3n por las vialidades intervenidas; as\u00ed como a respetar los se\u00f1alamientos.<\/p>\n","protected":false},"excerpt":{"rendered":"<p>Con una inversi\u00f3n superior a los 9 millones de pesos, se beneficiar\u00e1n alrededor de 100 mil habitantes de Mineral de la Reforma, con la puesta en marcha del programa de mantenimiento de caminos estatales; el cual comenzar\u00e1 con la rehabilitaci\u00f3n del puente vehicular de acceso a Pachuquilla y el puente vehicular de acceso a la [&hellip;]<\/p>\n","protected":false},"author":93,"featured_media":151800,"comment_status":"closed","ping_status":"open","sticky":false,"template":"","format":"standard","meta":{"footnotes":""},"categories":[15,40],"tags":[],"class_list":["post-151798","post","type-post","status-publish","format-standard","has-post-thumbnail","hentry","category-destacadas","category-region"],"_links":{"self":[{"href":"https:\/\/plazajuarez.mx\/historico\/wp-json\/wp\/v2\/posts\/151798","targetHints":{"allow":["GET"]}}],"collection":[{"href":"https:\/\/plazajuarez.mx\/historico\/wp-json\/wp\/v2\/posts"}],"about":[{"href":"https:\/\/plazajuarez.mx\/historico\/wp-json\/wp\/v2\/types\/post"}],"author":[{"embeddable":true,"href":"https:\/\/plazajuarez.mx\/historico\/wp-json\/wp\/v2\/users\/93"}],"replies":[{"embeddable":true,"href":"https:\/\/plazajuarez.mx\/historico\/wp-json\/wp\/v2\/comments?post=151798"}],"version-history":[{"count":0,"href":"https:\/\/plazajuarez.mx\/historico\/wp-json\/wp\/v2\/posts\/151798\/revisions"}],"wp:featuredmedia":[{"embeddable":true,"href":"https:\/\/plazajuarez.mx\/historico\/wp-json\/wp\/v2\/media\/151800"}],"wp:attachment":[{"href":"https:\/\/plazajuarez.mx\/historico\/wp-json\/wp\/v2\/media?parent=151798"}],"wp:term":[{"taxonomy":"category","embeddable":true,"href":"https:\/\/plazajuarez.mx\/historico\/wp-json\/wp\/v2\/categories?post=151798"},{"taxonomy":"post_tag","embeddable":true,"href":"https:\/\/plazajuarez.mx\/historico\/wp-json\/wp\/v2\/tags?post=151798"}],"curies":[{"name":"wp","href":"https:\/\/api.w.org\/{rel}","templated":true}]}}