{"id":151763,"date":"2021-02-08T14:04:02","date_gmt":"2021-02-08T20:04:02","guid":{"rendered":"https:\/\/plazajuarez.mx\/?p=151763"},"modified":"2021-02-08T14:04:19","modified_gmt":"2021-02-08T20:04:19","slug":"londres-defiende-la-vacuna-de-oxford-pese-a-las-dudas-sobre-nuevas-variantes","status":"publish","type":"post","link":"https:\/\/plazajuarez.mx\/historico\/londres-defiende-la-vacuna-de-oxford-pese-a-las-dudas-sobre-nuevas-variantes\/","title":{"rendered":"Londres defiende la vacuna de Oxford pese a las dudas sobre nuevas variantes"},"content":{"rendered":"\n<p>El Gobierno brit\u00e1nico sali\u00f3 este lunes en defensa de la vacuna de Oxford\/AstraZeneca, utilizada en el actual programa de inmunizaci\u00f3n en el Reino Unido, despu\u00e9s de que un estudio haya sugerido que ofrece una protecci\u00f3n limitada frente a la nueva variante del coronavirus detectada en Sud\u00e1frica.<\/p>\n\n\n\n<p>Ese pa\u00eds suspendi\u00f3 el domingo el suministro del preparado, tras conocerse un an\u00e1lisis de las universidades de Oxford y Witwatersrand, que indica que su efectividad se reduce &#8220;significativamente&#8221; ante casos leves y moderados de la enfermedad causada por esa variante (B.1.351).<\/p>\n\n\n\n<p>El viceconsejero m\u00e9dico del Ejecutivo brit\u00e1nico, Jonathan Van-Tam, admiti\u00f3 hoy en una rueda de prensa que la vacuna de AstraZeneca muestra un &#8220;nivel reducido de protecci\u00f3n contra las infecciones&#8221; de esa variante en particular, pero recalc\u00f3 que &#8220;probablemente tendr\u00e1 efecto contra los casos severos&#8221; y recalc\u00f3 que contin\u00faa siendo \u00fatil para hacer frente a las mutaciones m\u00e1s extendidas en el Reino Unido.<\/p>\n\n\n\n<p>El ministro de Sanidad, Matt Hancock, esgrimi\u00f3 por su parte que las vacunas aprobadas hasta ahora en las islas brit\u00e1nicas tienen &#8220;cierto efecto&#8221; frente a las nuevas variantes, &#8220;particularmente a la hora de prevenir casos graves y mortalidad&#8221;.<\/p>\n\n\n\n<p>El Gobierno brit\u00e1nico comunic\u00f3 hoy 14.104 nuevos contagios de covid-19, la cifra m\u00e1s baja desde principios de diciembre, si bien el n\u00famero de pacientes hospitalizados es de 29.326, por encima de los picos que se hab\u00edan alcanzado en las anteriores oleadas de la pandemia.<\/p>\n\n\n\n<p>VARIANTE MINORITARIA EN EL REINO UNIDO<\/p>\n\n\n\n<p>Hasta ahora se han detectado 147 casos de la variante sudafricana en el Reino Unido, inform\u00f3 Hancock, que recalc\u00f3 que no ha habido nuevos contagios conocidos en los \u00faltimos dos d\u00edas.<\/p>\n\n\n\n<p>El Gobierno ha iniciado una campa\u00f1a de pruebas diagn\u00f3sticas puerta a puerta en las zonas donde se han detectado infecciones para tratar de evitar su expansi\u00f3n.<\/p>\n\n\n\n<p>La variante B.1.351 es la predominante en Sud\u00e1frica, pero no en el Reino Unido, donde se ha extendido la B117, detectada por primera vez en Kent, en el sur de Inglaterra.<\/p>\n\n\n\n<p>Los primeros an\u00e1lisis cient\u00edficos sugieren que la nueva variante importada no tiene &#8220;ventajas en cuanto a transmisibilidad&#8221; respecto a la extendida en el Reino Unido, por lo que &#8220;no hay raz\u00f3n para pensar&#8221; que superar\u00e1 en incidencia al actual virus &#8220;durante los pr\u00f3ximos meses&#8221;, consider\u00f3 el viceconsejero m\u00e9dico.<\/p>\n\n\n\n<p>DOSIS DE REFUERZO EN OTO\u00d1O<\/p>\n\n\n\n<p>Hancock abri\u00f3 la puerta a que en el futuro sea necesario inocular a la poblaci\u00f3n dosis de refuerzo para protegerla contra nuevas variantes del coronavirus, &#8220;igual que se hace con la vacuna de la gripe cada a\u00f1o&#8221;.<\/p>\n\n\n\n<p>&#8220;Un refuerzo en oto\u00f1o, si es necesario, est\u00e1 en nuestro radar&#8221;, puntualiz\u00f3 Van-Tam.<\/p>\n\n\n\n<p>&#8220;Podemos movernos bastante r\u00e1pido si es necesario modificar el virus en las vacunas. Estamos hablando de una cuesti\u00f3n de semanas, m\u00e1s que de meses. A\u00fan as\u00ed, esas vacunas tendr\u00e1n que pasar ciertas pruebas y ser fabricadas&#8221;, agreg\u00f3.<\/p>\n\n\n\n<p>M\u00e1s de 12,2 millones de personas ya han recibido la primera de las dos dosis de uno de los dos preparados que se est\u00e1n suministrando en el Reino Unido -AstraZeneca o Pfizer-.<\/p>\n\n\n\n<p>Cerca de uno de cuatro adultos en el pa\u00eds ya ha recibido una inyecci\u00f3n, entre ellos el 91 % de los mayores de 80 a\u00f1os y el 95 % de aquellos entre 75 y 79 a\u00f1os.<\/p>\n\n\n\n<p>Van-Tam urgi\u00f3 a la poblaci\u00f3n a que acuda a vacunarse cuando reciban la llamada del sistema p\u00fablico de salud a pesar de la incertidumbre que puedan haber generado las nuevas variantes del virus.<\/p>\n\n\n\n<p>&#8220;No lo retrasen, p\u00f3nganse la vacuna que les proteger\u00e1 contra la actual amenaza y no se preocupen, porque pueden volver a ser vacunados (en el futuro). Para las personas que hayan recibido dos dosis, otra vacunaci\u00f3n requerir\u00e1 probablemente una sola inyecci\u00f3n&#8221;, indic\u00f3.<\/p>\n\n\n\n<p>DUDAS DESDE SUD\u00c1FRICA<\/p>\n\n\n\n<p>El responsable del comit\u00e9 ministerial asesor de la covid-19 en Sud\u00e1frica, Salim Abdool Karim, afirm\u00f3 hoy a la emisora &#8220;Times Radio&#8221; que, en su opini\u00f3n, no est\u00e1 claro si la vacuna de AstraZeneca ser\u00e1 efectiva para &#8220;prevenir una enfermedad severa&#8221; y &#8220;la hospitalizaci\u00f3n&#8221;.<\/p>\n\n\n\n<p>&#8220;Es por ello que sentimos que deb\u00edamos detener (el suministro) hasta que haya informaci\u00f3n disponible&#8221;, a\u00f1adi\u00f3 Karim, que hizo sin embargo hincapi\u00e9 en que se trata de un retraso &#8220;temporal&#8221; de la administraci\u00f3n del preparado.<\/p>\n\n\n\n<p>Ante el temor a una propagaci\u00f3n de esta variante, as\u00ed como otra detectada en Brasil, el Reino Unido impondr\u00e1 a partir del pr\u00f3ximo lunes -d\u00eda 15- una cuarentena obligatoria de 10 d\u00edas, en hoteles designados por el Gobierno, para los viajeros brit\u00e1nicos y residentes que entren en el pa\u00eds desde \u00e1reas donde hay altos niveles de esas dos cepas.<\/p>\n\n\n\n<p>Estos hoteles est\u00e1n cerca de los principales aeropuertos brit\u00e1nicos y los viajeros tendr\u00e1n que hacerse cargo de los gastos del alojamiento, seg\u00fan el plan dise\u00f1ado por el Ejecutivo.<\/p>\n","protected":false},"excerpt":{"rendered":"<p>El Gobierno brit\u00e1nico sali\u00f3 este lunes en defensa de la vacuna de Oxford\/AstraZeneca, utilizada en el actual programa de inmunizaci\u00f3n en el Reino Unido, despu\u00e9s de que un estudio haya sugerido que ofrece una protecci\u00f3n limitada frente a la nueva variante del coronavirus detectada en Sud\u00e1frica. Ese pa\u00eds suspendi\u00f3 el domingo el suministro del preparado, [&hellip;]<\/p>\n","protected":false},"author":80,"featured_media":151768,"comment_status":"closed","ping_status":"open","sticky":false,"template":"","format":"standard","meta":{"footnotes":""},"categories":[15,31],"tags":[],"class_list":["post-151763","post","type-post","status-publish","format-standard","has-post-thumbnail","hentry","category-destacadas","category-orbe"],"_links":{"self":[{"href":"https:\/\/plazajuarez.mx\/historico\/wp-json\/wp\/v2\/posts\/151763","targetHints":{"allow":["GET"]}}],"collection":[{"href":"https:\/\/plazajuarez.mx\/historico\/wp-json\/wp\/v2\/posts"}],"about":[{"href":"https:\/\/plazajuarez.mx\/historico\/wp-json\/wp\/v2\/types\/post"}],"author":[{"embeddable":true,"href":"https:\/\/plazajuarez.mx\/historico\/wp-json\/wp\/v2\/users\/80"}],"replies":[{"embeddable":true,"href":"https:\/\/plazajuarez.mx\/historico\/wp-json\/wp\/v2\/comments?post=151763"}],"version-history":[{"count":0,"href":"https:\/\/plazajuarez.mx\/historico\/wp-json\/wp\/v2\/posts\/151763\/revisions"}],"wp:featuredmedia":[{"embeddable":true,"href":"https:\/\/plazajuarez.mx\/historico\/wp-json\/wp\/v2\/media\/151768"}],"wp:attachment":[{"href":"https:\/\/plazajuarez.mx\/historico\/wp-json\/wp\/v2\/media?parent=151763"}],"wp:term":[{"taxonomy":"category","embeddable":true,"href":"https:\/\/plazajuarez.mx\/historico\/wp-json\/wp\/v2\/categories?post=151763"},{"taxonomy":"post_tag","embeddable":true,"href":"https:\/\/plazajuarez.mx\/historico\/wp-json\/wp\/v2\/tags?post=151763"}],"curies":[{"name":"wp","href":"https:\/\/api.w.org\/{rel}","templated":true}]}}