{"id":151734,"date":"2021-02-08T10:15:46","date_gmt":"2021-02-08T16:15:46","guid":{"rendered":"https:\/\/plazajuarez.mx\/?p=151734"},"modified":"2021-02-08T10:15:58","modified_gmt":"2021-02-08T16:15:58","slug":"hoy-diario-plaza-juarez-cumple-16-anos-de-vida","status":"publish","type":"post","link":"https:\/\/plazajuarez.mx\/historico\/hoy-diario-plaza-juarez-cumple-16-anos-de-vida\/","title":{"rendered":"Hoy DIARIO PLAZA JU\u00c1REZ  cumple 16 a\u00f1os de vida"},"content":{"rendered":"\n<p>Siempre que miro el viejo fax Panasonic arrumbado en un cub\u00edculo pegado al jard\u00edn interno de la redacci\u00f3n, todav\u00eda conectado a una de las extensiones en espera de la llamada que pida tono para despertar de su letargo, descubro que adem\u00e1s de los hijos que no dejan de crecer, la tecnolog\u00eda aplicada a la informaci\u00f3n nos da testimonio constante y definitivo de que el tiempo pasa y que al final de cuentas solo perduran los testimonios que nos puedan dar noticia de lo que suced\u00eda, por ejemplo, un 8 de febrero de 2005, fecha exacta en que sali\u00f3 a la luz p\u00fablica el primer ejemplar de su DIARIO Plaza Ju\u00e1rez.<\/p>\n\n\n\n<p>Finalmente, en un peri\u00f3dico diario solo se tiene posibilidad para escribir \u201cLa Historia de Cada D\u00eda\u201d, lo que ha sucedido en 24 horas exactas hasta ver el trabajo que realizan los jornaleros-reporteros-fot\u00f3grafos en el campo de los sucesos cristalizado en p\u00e1ginas impresas siempre cuidadas con pasi\u00f3n por editores, encargados de cierre y por supuesto dise\u00f1adores.&nbsp;<\/p>\n\n\n\n<p>Se trata a estas alturas de una nostalgia eterna por lo tangible, lo que se puede tocar y oler en las planas que salen de la rotativa Goss Urbanite, y si le digo que quienes practicamos esa vieja tradici\u00f3n hoy esperamos con ansia ser vacunados contra el Covid-19, ya entender\u00e1 que hablamos de edades no menores las seis d\u00e9cadas.<\/p>\n\n\n\n<p>Sin embargo, la mayor parte del equipo de redacci\u00f3n que nos ha acompa\u00f1ado a lo largo de estos 16 a\u00f1os son j\u00f3venes, es decir generaciones que crecieron en el mar de la supercarretera de la informaci\u00f3n, la internet, y que dominan el ejercicio de las publicaciones electr\u00f3nicas, aunque con la experiencia que da trabajar tambi\u00e9n para la versi\u00f3n reina de nuestro Grupo Editorial Aljibe, que es el peri\u00f3dico impreso PLAZA JU\u00c1REZ.<\/p>\n\n\n\n<p>Usted, lector, lectora, lectores, tiene al final de cuentas una opini\u00f3n muy clara sobre nuestro trabajo. A 16 a\u00f1os de que esta embarcaci\u00f3n se hizo a la mar, le aseguro que redoblamos la ilusi\u00f3n de poder contar la historia m\u00e1s importante de cada d\u00eda, que es la de usted, de \u00e9l, de ella, de nosotros todos. Es un largo y sinuoso camino como dec\u00eda la canci\u00f3n de los de Liverpool, pero que andamos con gusto, con la vocaci\u00f3n cierta porque hemos podido confirmar que practicamos el oficio m\u00e1s bello del mundo.<\/p>\n\n\n\n<p>Sostenemos que, en estos tiempos nuevos de las plataformas digitales, como nunca el periodismo debe sustentarse en la divulgaci\u00f3n de informaci\u00f3n confirmada, y bajo ninguna circunstancia por la prisa de ganarle a la competencia, lanzar una nota que despu\u00e9s se comprueba no ten\u00eda ning\u00fan sustento.<\/p>\n\n\n\n<p>Caminamos hacia los 17 a\u00f1os de vida con el eterno agradecimiento al ciudadano que conf\u00eda en nosotros, a nuestros anunciantes, a cada uno de los que integran la empresa que da vida al DIARIO Plaza Ju\u00e1rez, y que hemos logrado conformar una verdadera familia en la que nos interesa y preocupa lo que cada uno de nuestros compa\u00f1eros y compa\u00f1eras vive d\u00eda a d\u00eda. Gracias a todos por su solidaridad en tiempos tan dif\u00edciles.<\/p>\n\n\n\n<p>Aqu\u00ed estamos, aqu\u00ed seguiremos porque hacer periodismo es nuestro destino y&nbsp; vida.<\/p>\n\n\n\n<p>Despu\u00e9s de todo el viejo fax Panasonic, tarde o temprano recibir\u00e1 la llamada que le pida tono para imprimir el saludo de Dios.<\/p>\n\n\n\n<p>Gracias siempre.<\/p>\n\n\n\n<p><strong>L.P. Javier Enrique Peralta<\/strong><\/p>\n\n\n\n<p><strong>Presidente y Director General del DIARIO PLAZA JU\u00c1REZ<\/strong><\/p>\n","protected":false},"excerpt":{"rendered":"<p>Siempre que miro el viejo fax Panasonic arrumbado en un cub\u00edculo pegado al jard\u00edn interno de la redacci\u00f3n, todav\u00eda conectado a una de las extensiones en espera de la llamada que pida tono para despertar de su letargo, descubro que adem\u00e1s de los hijos que no dejan de crecer, la tecnolog\u00eda aplicada a la informaci\u00f3n [&hellip;]<\/p>\n","protected":false},"author":10,"featured_media":151735,"comment_status":"closed","ping_status":"open","sticky":false,"template":"","format":"standard","meta":{"footnotes":""},"categories":[15,59],"tags":[],"class_list":["post-151734","post","type-post","status-publish","format-standard","has-post-thumbnail","hentry","category-destacadas","category-general"],"_links":{"self":[{"href":"https:\/\/plazajuarez.mx\/historico\/wp-json\/wp\/v2\/posts\/151734","targetHints":{"allow":["GET"]}}],"collection":[{"href":"https:\/\/plazajuarez.mx\/historico\/wp-json\/wp\/v2\/posts"}],"about":[{"href":"https:\/\/plazajuarez.mx\/historico\/wp-json\/wp\/v2\/types\/post"}],"author":[{"embeddable":true,"href":"https:\/\/plazajuarez.mx\/historico\/wp-json\/wp\/v2\/users\/10"}],"replies":[{"embeddable":true,"href":"https:\/\/plazajuarez.mx\/historico\/wp-json\/wp\/v2\/comments?post=151734"}],"version-history":[{"count":0,"href":"https:\/\/plazajuarez.mx\/historico\/wp-json\/wp\/v2\/posts\/151734\/revisions"}],"wp:featuredmedia":[{"embeddable":true,"href":"https:\/\/plazajuarez.mx\/historico\/wp-json\/wp\/v2\/media\/151735"}],"wp:attachment":[{"href":"https:\/\/plazajuarez.mx\/historico\/wp-json\/wp\/v2\/media?parent=151734"}],"wp:term":[{"taxonomy":"category","embeddable":true,"href":"https:\/\/plazajuarez.mx\/historico\/wp-json\/wp\/v2\/categories?post=151734"},{"taxonomy":"post_tag","embeddable":true,"href":"https:\/\/plazajuarez.mx\/historico\/wp-json\/wp\/v2\/tags?post=151734"}],"curies":[{"name":"wp","href":"https:\/\/api.w.org\/{rel}","templated":true}]}}