{"id":151717,"date":"2021-02-08T09:51:01","date_gmt":"2021-02-08T15:51:01","guid":{"rendered":"https:\/\/plazajuarez.mx\/?p=151717"},"modified":"2021-02-08T09:51:16","modified_gmt":"2021-02-08T15:51:16","slug":"ya-no-contagio-amlo-dice-que-no-usara-cubrebocas","status":"publish","type":"post","link":"https:\/\/plazajuarez.mx\/historico\/ya-no-contagio-amlo-dice-que-no-usara-cubrebocas\/","title":{"rendered":"Ya no contagio; AMLO dice que no usar\u00e1 cubrebocas"},"content":{"rendered":"\n<p class=\"wp-block-paragraph\">Tras padecer Covid-19, el presidente Andr\u00e9s Manuel L\u00f3pez Obrador asegur\u00f3 que no usar\u00e1 el cubrebocas &#8220;porque ya no contagia&#8221; y si se infect\u00f3 con el virus del SARS-CoV-2 fue porque sali\u00f3 a trabajar como millones de mexicanos.<\/p>\n\n\n\n<p class=\"wp-block-paragraph\"><br>En su conferencia de prensa, en Palacio Nacional, el titular del Ejecutivo, rechaz\u00f3 el uso del cubrebocas.<\/p>\n\n\n\n<p class=\"wp-block-paragraph\"><br>&#8220;No, ahora adem\u00e1s de acuerdo a lo que plantean los m\u00e9dicos no contagio&#8221;, no obstante que el subsecretario de Salud Hugo L\u00f3pez-Gatell lo ha recomendado aun para las personas que sean inmunizadas por medio de las vacunas.<\/p>\n\n\n\n<p class=\"wp-block-paragraph\"><br>En su regreso a las conferencias ma\u00f1aneras el presidente L\u00f3pez Obrador expres\u00f3 que se contagi\u00f3 con virus del SAR-CoV-2 porque a diferencia de otros jefes de Estado no abus\u00f3 de su cargo.<\/p>\n\n\n\n<p class=\"wp-block-paragraph\"><br>&#8220;\u00bfPor qu\u00e9 me enferm\u00e9?, primero porque no me vacun\u00e9, no abus\u00e9, pude haberme vacunado hay presidentes que han sido de los primeros, pero eso no lo dice la prensa conservadora, fifi, hasta les aplaude, y se vacunan con el pretexto que de esa manera dan el ejemplo&#8221;.<\/p>\n\n\n\n<p class=\"wp-block-paragraph\"><br>&#8220;Y dos, porque tengo que trabajar como millones de mexicanos, ni modo que me quedara todo el tiempo encerrado, me cuid\u00e9, guard\u00e9 la sana distancia, pero me toc\u00f3 y afortunadamente sal\u00ed adelante&#8221;.<\/p>\n\n\n\n<p class=\"wp-block-paragraph\"><br>Al cuestionarlo si ser\u00e1 obligatorio el uso del cubrebocas, el Presidente record\u00f3 que en M\u00e9xico no hay autoritarismo, y ese tipo de medidas son voluntarios, porque lo m\u00e1s importante es la libertad y cada quien debe asumir su responsabilidad.<\/p>\n\n\n\n<p class=\"wp-block-paragraph\"><br>&#8220;Es una decisi\u00f3n de cada persona, se recomienda cuidar la sana distancia, no hacer actos masivos, cuidarnos de hasta reuniones familiares&#8221;.<\/p>\n","protected":false},"excerpt":{"rendered":"<p>Tras padecer Covid-19, el presidente Andr\u00e9s Manuel L\u00f3pez Obrador asegur\u00f3 que no usar\u00e1 el cubrebocas &#8220;porque ya no contagia&#8221; y si se infect\u00f3 con el virus del SARS-CoV-2 fue porque sali\u00f3 a trabajar como millones de mexicanos. En su conferencia de prensa, en Palacio Nacional, el titular del Ejecutivo, rechaz\u00f3 el uso del cubrebocas. &#8220;No, [&hellip;]<\/p>\n","protected":false},"author":81,"featured_media":138278,"comment_status":"closed","ping_status":"open","sticky":false,"template":"","format":"standard","meta":{"footnotes":""},"categories":[15,36],"tags":[],"class_list":["post-151717","post","type-post","status-publish","format-standard","has-post-thumbnail","hentry","category-destacadas","category-nacion"],"_links":{"self":[{"href":"https:\/\/plazajuarez.mx\/historico\/wp-json\/wp\/v2\/posts\/151717","targetHints":{"allow":["GET"]}}],"collection":[{"href":"https:\/\/plazajuarez.mx\/historico\/wp-json\/wp\/v2\/posts"}],"about":[{"href":"https:\/\/plazajuarez.mx\/historico\/wp-json\/wp\/v2\/types\/post"}],"author":[{"embeddable":true,"href":"https:\/\/plazajuarez.mx\/historico\/wp-json\/wp\/v2\/users\/81"}],"replies":[{"embeddable":true,"href":"https:\/\/plazajuarez.mx\/historico\/wp-json\/wp\/v2\/comments?post=151717"}],"version-history":[{"count":0,"href":"https:\/\/plazajuarez.mx\/historico\/wp-json\/wp\/v2\/posts\/151717\/revisions"}],"wp:featuredmedia":[{"embeddable":true,"href":"https:\/\/plazajuarez.mx\/historico\/wp-json\/wp\/v2\/media\/138278"}],"wp:attachment":[{"href":"https:\/\/plazajuarez.mx\/historico\/wp-json\/wp\/v2\/media?parent=151717"}],"wp:term":[{"taxonomy":"category","embeddable":true,"href":"https:\/\/plazajuarez.mx\/historico\/wp-json\/wp\/v2\/categories?post=151717"},{"taxonomy":"post_tag","embeddable":true,"href":"https:\/\/plazajuarez.mx\/historico\/wp-json\/wp\/v2\/tags?post=151717"}],"curies":[{"name":"wp","href":"https:\/\/api.w.org\/{rel}","templated":true}]}}